{"id":41600,"date":"2021-12-19T09:05:15","date_gmt":"2021-12-19T12:05:15","guid":{"rendered":"http:\/\/www.centraldenoticias.com.ar\/?p=41600"},"modified":"2021-12-19T10:53:15","modified_gmt":"2021-12-19T13:53:15","slug":"se-fabricaran-fuegos-artificiales-de-bajo-impacto","status":"publish","type":"post","link":"https:\/\/cdnoticias.com\/index.php\/2021\/12\/19\/se-fabricaran-fuegos-artificiales-de-bajo-impacto\/","title":{"rendered":"Se fabricar\u00e1n fuegos artificiales de bajo impacto"},"content":{"rendered":"<p>Ser\u00e1 debido al da\u00f1o que provocan a personas con hipersensibilidad auditiva.<!--more--><\/p>\n<hr \/>\n<p>&nbsp;<\/p>\n<p><strong>Sindicalistas y empresarios de la industria de fuegos artificiales<\/strong>\u00a0<strong>acordaron eliminar de su producci\u00f3n la fabricaci\u00f3n de &#8220;bombas y petardos de suelo&#8221;, debido al\u00a0da\u00f1o que provocan en personas con hipersensibilidad auditiva,<\/strong>\u00a0pero <strong>familiares de ni\u00f1os autistas y asociaciones de defensa de los animales<\/strong>\u00a0piden que<strong> se impida el uso de todo tipo de pirotecnia<\/strong> para las fiestas de Navidad y A\u00f1o Nuevo.<\/p>\n<p>&nbsp;<\/p>\n<p>El\u00a0<strong>secretario general del Sindicato \u00danico de Empleados la Industria de la Pirotecnia y Afines<\/strong> (Sueipa),<strong> Guillermo Cantatore<\/strong>,\u00a0inform\u00f3 a T\u00e9lam que &#8220;se van a empezar a <strong>eliminar los productos pirot\u00e9cnicos debido al da\u00f1o que provocan a personas con hipersensibilidad auditiva<\/strong>&#8220;, aunque reconoci\u00f3 que &#8220;<strong>es verdad que este cambio se tendr\u00eda que haber hecho hace 10 a\u00f1os&#8221;.<\/strong><\/p>\n<p>&nbsp;<\/p>\n<p>A su vez, la\u00a0<strong>C\u00e1mara Argentina de Empresas de Fuegos Artificiales<\/strong> (Caefa)\u00a0<strong>lanz\u00f3 por segundo a\u00f1o consecutivo la campa\u00f1a nacional &#8220;Celebremos siempre con fuegos artificiales amigables<\/strong>&#8220;, buscando el <strong>uso responsable y de menor impacto<\/strong>, precis\u00f3 su director de Relaciones Institucionales, <strong>Ezequiel Asquinasi.<\/strong><\/p>\n<p>&nbsp;<\/p>\n<p>Bajo esta consigna, durante<strong> todo el mes de diciembre<\/strong> los comercios, empresas y las <strong>60.000 personas que trabajan en esta industria dar\u00e1n consejos sobre el uso responsable de los productos<\/strong> y alentar\u00e1n la <strong>elecci\u00f3n de aquellos con bajo impacto sonoro o lum\u00ednicos<\/strong>, seg\u00fan especific\u00f3 en declaraciones a T\u00e9lam.<\/p>\n<p>&nbsp;<\/p>\n<p>No obstante,\u00a0<strong>Marcos Goldschmidt<\/strong>\u00a0-quien desde <strong>hace siete a\u00f1os lleva adelante una campa\u00f1a por el &#8220;no uso de pirotecnia&#8221; con m\u00e1s de 158 mil firmas<\/strong> reunidas hasta el momento a trav\u00e9s de una petici\u00f3n creada en la<strong> plataforma de Change.org<\/strong> ( Change.org\/Bastadepirotecnia)- <strong>alert\u00f3<\/strong> nuevamente sobre el\u00a0<strong>efecto dani\u00f1o que estos productos tienen para ni\u00f1os del espectro autista<\/strong>, como es caso de su hijo Ezequiel, mientras que la <strong>ONG Sin Zoo<\/strong> <strong>advirti\u00f3 a trav\u00e9s de sus redes sociales sobre por el estr\u00e9s y angustia<\/strong> que le provoca a perros, gatos y aves el uso de fuegos artificiales.<\/p>\n<p>&nbsp;<\/p>\n<p>Adem\u00e1s, Cantatore, indic\u00f3 que\u00a0&#8220;<strong>son los propios chicos los que cambiaron los gustos<\/strong> (para el disfrute de los cohetes), rechazan los que hacen mucho ruido y <strong>prefieren los de bajo impacto&#8221;.<\/strong><\/p>\n<p>&nbsp;<\/p>\n<p>En otro orden, <strong>el sindicalista alert\u00f3 que la producci\u00f3n de &#8220;los globos (luminosos,<\/strong> que se usan para las fiestas de fin de a\u00f1o), que son muchas veces<strong> causante de los incendios<\/strong>,<strong> nunca estuvieron regulados<\/strong>; por el contrario nosotros lo estamos por la Anmat&#8221;.<\/p>\n<p>&nbsp;<\/p>\n<p>El titular del Sueipa tambi\u00e9n advirti\u00f3 que &#8220;<strong>controlar la venta ilegal de fuegos artificiales es muy f\u00e1cil porque no son muchos los que pueden vender.<\/strong> La Administraci\u00f3n Nacional de Medicamentos, Alimentos y Tecnolog\u00eda M\u00e9dica (Anmat) sabe d\u00f3nde est\u00e1n los dep\u00f3sitos y los comercios habilitados. <strong>Todo lo que es ilegal o venta en negro es otro tema. Ah\u00ed faltan los controles&#8221;.<\/strong><\/p>\n<p>&nbsp;<\/p>\n<p>Por su parte, el\u00a0<strong>director de Relaciones Institucionales de la C\u00e1mara Argentina de Empresas de Fuegos Artificiales\u00a0remarc\u00f3 la campa\u00f1a nacional sobre pirotecnia &#8220;amigable&#8221;<\/strong> que lanz\u00f3 la asociaci\u00f3n por <strong>segundo a\u00f1o consecutivo.<\/strong><\/p>\n<p>&nbsp;<\/p>\n<p>&#8220;El <strong>nivel de sonoridad no genera molestias porque tienen un ruido similar a los ruidos habituales de la ciudad<\/strong>, diferente a los de gran impacto sonoro que son las bombas de estruendo y morteros&#8221;, se\u00f1al\u00f3 Asquinasi en declaraciones a T\u00e9lam. Agreg\u00f3 que &#8220;tanto en la Argentina como en todo el mundo<strong> se est\u00e1 dando una tendencia donde el propio p\u00fablico elige lo lum\u00ednico y de bajo impacto sonoro&#8221;<\/strong>, en tanto detall\u00f3 que estos productos no son m\u00e1s caros que los dem\u00e1s y est\u00e1n autorizados por la Agencia Nacional de Materiales Controlados (Anmac).<\/p>\n<p>&nbsp;<\/p>\n<p>Sin embargo, <strong>Goldschmidt advirti\u00f3 que su hijo<\/strong> \u2013del <strong>espectro autista-<\/strong> &#8220;se asusta mucho con las explosiones de los fuegos artificiales. No hay lugar de la casa en donde se pueda proteger, porque <strong>se escuchan desde todos lados&#8221;.<\/strong> &#8220;Yo apunto a la <strong>toma de conciencia y al no uso de la misma para festejos.<\/strong> Hablan de bajo impacto sonoro pero en el <strong>festejo de River los fuegos artificiales se escucharon en mi casa y vivo a 8 kil\u00f3metros del estadio&#8221;,<\/strong> advirti\u00f3 en declaraciones a T\u00e9lam.<\/p>\n<p>&nbsp;<\/p>\n<p>A su vez,\u00a0<strong>varias asociaciones de defensa de los animales manifestaron por las redes sociales su preocupaci\u00f3n por el efecto que el uso de la pirotecnia provoca en las mascotas.<\/strong><\/p>\n<p>&nbsp;<\/p>\n<p>&#8220;<strong>Los animales tienen una capacidad auditiva superior a la de los humanos<\/strong>, pudiendo escuchar sonidos que para nosotros ser\u00edan imperceptibles. <strong>Cada estruendo de pirotecnia para ellos es mucho peor de lo que nos imaginamos<\/strong>.<strong> Les genera taquicardia, temblores, falta de aire, n\u00e1useas, aturdimiento, p\u00e9rdida de control, miedo y muerte&#8221;,<\/strong> advirti\u00f3 la <strong>ONG Sin Zoo.<\/strong><\/p>\n<p>&nbsp;<\/p>\n<p>Cabe recordar que el senador provincial <a href=\"https:\/\/cdnoticias.com\/index.php\/2021\/12\/18\/bali-bucca-todavia-debemos-avanzar-con-la-ley-elegi-luces\/\" target=\"_blank\" rel=\"noopener\">Eduardo &#8220;Bali&#8221; Bucca tambi\u00e9n se pronunci\u00f3 en favor de este acuerdo.<\/a><\/p>\n<p>&nbsp;<\/p>\n<p><em>Fuente: T\u00e9lam<\/em><\/p>\n","protected":false},"excerpt":{"rendered":"<p>Ser\u00e1 debido al da\u00f1o que provocan a personas con hipersensibilidad auditiva.<\/p>\n","protected":false},"author":6,"featured_media":41603,"comment_status":"closed","ping_status":"closed","sticky":false,"template":"","format":"standard","meta":{"_jetpack_memberships_contains_paid_content":false,"footnotes":""},"categories":[6,1],"tags":[],"class_list":["post-41600","post","type-post","status-publish","format-standard","has-post-thumbnail","hentry","category-nacionales","category-portada"],"jetpack_featured_media_url":"https:\/\/i0.wp.com\/cdnoticias.com\/wp-content\/uploads\/2021\/12\/5864245d82242_900.jpg?fit=900%2C506&ssl=1","jetpack_sharing_enabled":true,"_links":{"self":[{"href":"https:\/\/cdnoticias.com\/index.php\/wp-json\/wp\/v2\/posts\/41600","targetHints":{"allow":["GET"]}}],"collection":[{"href":"https:\/\/cdnoticias.com\/index.php\/wp-json\/wp\/v2\/posts"}],"about":[{"href":"https:\/\/cdnoticias.com\/index.php\/wp-json\/wp\/v2\/types\/post"}],"author":[{"embeddable":true,"href":"https:\/\/cdnoticias.com\/index.php\/wp-json\/wp\/v2\/users\/6"}],"replies":[{"embeddable":true,"href":"https:\/\/cdnoticias.com\/index.php\/wp-json\/wp\/v2\/comments?post=41600"}],"version-history":[{"count":0,"href":"https:\/\/cdnoticias.com\/index.php\/wp-json\/wp\/v2\/posts\/41600\/revisions"}],"wp:featuredmedia":[{"embeddable":true,"href":"https:\/\/cdnoticias.com\/index.php\/wp-json\/wp\/v2\/media\/41603"}],"wp:attachment":[{"href":"https:\/\/cdnoticias.com\/index.php\/wp-json\/wp\/v2\/media?parent=41600"}],"wp:term":[{"taxonomy":"category","embeddable":true,"href":"https:\/\/cdnoticias.com\/index.php\/wp-json\/wp\/v2\/categories?post=41600"},{"taxonomy":"post_tag","embeddable":true,"href":"https:\/\/cdnoticias.com\/index.php\/wp-json\/wp\/v2\/tags?post=41600"}],"curies":[{"name":"wp","href":"https:\/\/api.w.org\/{rel}","templated":true}]}}