{"id":41595,"date":"2021-12-16T16:21:53","date_gmt":"2021-12-16T19:21:53","guid":{"rendered":"http:\/\/www.centraldenoticias.com.ar\/?p=41595"},"modified":"2021-12-16T16:21:53","modified_gmt":"2021-12-16T19:21:53","slug":"oscar-pablo-vecchi-q-e-p-d","status":"publish","type":"post","link":"https:\/\/cdnoticias.com\/index.php\/2021\/12\/16\/oscar-pablo-vecchi-q-e-p-d\/","title":{"rendered":"Oscar Pablo Vecchi (Q.E.P.D.)"},"content":{"rendered":"<p>Falleci\u00f3 en Olavarr\u00eda el d\u00eda 16 de diciembre de 2021 a los 93 a\u00f1os de edad. Su esposa Iris del Carmen Men\u00f3n; sus hijos: Silvia, Ana Mar\u00eda y Carmen; su<br \/>\nhijo pol\u00edtico Eduardo S\u00e1ez; sus nietos; sus bisnietos y dem\u00e1s deudos participan su fallecimiento.<\/p>\n<p>&nbsp;<\/p>\n<p>Velatorio:\u00a0Espa\u00f1a 2942, Departamento &#8220;D&#8221;. Viernes 17 de diciembre de 8:30 a 11:30. Inhumaci\u00f3n: Cementerio Loma de Paz, viernes 17 de diciembre a las 11:30. Servicio adherido a Coopelectric.<\/p>\n<p>Barrio en el que viv\u00eda: Obrero<\/p>\n<p>Lugar de nacimiento: Olavarr\u00eda<\/p>\n<p>Actividad que desarrollaba: Jubilado<\/p>\n","protected":false},"excerpt":{"rendered":"<p>Falleci\u00f3 en Olavarr\u00eda el d\u00eda 16 de diciembre de 2021 a los 93 a\u00f1os de edad. Su esposa Iris del<\/p>\n","protected":false},"author":6,"featured_media":0,"comment_status":"closed","ping_status":"closed","sticky":false,"template":"","format":"standard","meta":{"_jetpack_memberships_contains_paid_content":false,"footnotes":""},"categories":[10],"tags":[],"class_list":["post-41595","post","type-post","status-publish","format-standard","hentry","category-necrologicas"],"jetpack_featured_media_url":"","jetpack_sharing_enabled":true,"_links":{"self":[{"href":"https:\/\/cdnoticias.com\/index.php\/wp-json\/wp\/v2\/posts\/41595","targetHints":{"allow":["GET"]}}],"collection":[{"href":"https:\/\/cdnoticias.com\/index.php\/wp-json\/wp\/v2\/posts"}],"about":[{"href":"https:\/\/cdnoticias.com\/index.php\/wp-json\/wp\/v2\/types\/post"}],"author":[{"embeddable":true,"href":"https:\/\/cdnoticias.com\/index.php\/wp-json\/wp\/v2\/users\/6"}],"replies":[{"embeddable":true,"href":"https:\/\/cdnoticias.com\/index.php\/wp-json\/wp\/v2\/comments?post=41595"}],"version-history":[{"count":0,"href":"https:\/\/cdnoticias.com\/index.php\/wp-json\/wp\/v2\/posts\/41595\/revisions"}],"wp:attachment":[{"href":"https:\/\/cdnoticias.com\/index.php\/wp-json\/wp\/v2\/media?parent=41595"}],"wp:term":[{"taxonomy":"category","embeddable":true,"href":"https:\/\/cdnoticias.com\/index.php\/wp-json\/wp\/v2\/categories?post=41595"},{"taxonomy":"post_tag","embeddable":true,"href":"https:\/\/cdnoticias.com\/index.php\/wp-json\/wp\/v2\/tags?post=41595"}],"curies":[{"name":"wp","href":"https:\/\/api.w.org\/{rel}","templated":true}]}}