{"id":4155,"date":"2021-08-28T18:12:49","date_gmt":"2021-08-28T21:12:49","guid":{"rendered":"http:\/\/centraldeportes.com.ar\/?p=4155"},"modified":"2025-01-28T22:30:30","modified_gmt":"2025-01-29T01:30:30","slug":"jose-maceo-el-subsecretario-nos-pregunto-nuestra-realidad-y-las-problematicas","status":"publish","type":"post","link":"https:\/\/cdnoticias.com\/index.php\/2021\/08\/28\/jose-maceo-el-subsecretario-nos-pregunto-nuestra-realidad-y-las-problematicas\/","title":{"rendered":"Jos\u00e9 Maceo: \u201cNos pregunt\u00f3 nuestra realidad y las problem\u00e1ticas\u201d"},"content":{"rendered":"<p>Luego de que el subsecretario de Deportes de la provincia se reuniera con diferentes dirigentes deportivos, Jos\u00e9 Maceo habl\u00f3 con Central de Deportes y cont\u00f3 en qu\u00e9 hicieron hincapi\u00e9 en el encuentro y la donaci\u00f3n que recibieron.<!--more--><\/p>\n<hr \/>\n<p>El <a href=\"https:\/\/www.centraldenoticias.com.ar\/index.php\/2021\/08\/28\/javier-lovera-nuestra-expectativa-es-que-las-instituciones-se-fortalezcan\/\">subsecretario de Deportes<\/a> de la provincia de Buenos Aires indic\u00f3 que lleg\u00f3 a la ciudad a \u201c<em>ver la realidad del deporte a nivel local<\/em>\u201d\u00a0y luego de recorrer los clubes de Sierra Chica, Hinojo y Colonia San Miguel mantuvo una reuni\u00f3n en la Sociedad de Fomento Mariano Moreno con las autoridades representantes del anfitri\u00f3n, Ferro, El Fort\u00edn, Racing y Pueblo Nuevo.<\/p>\n<p>&nbsp;<\/p>\n<p>\u201c<em><strong>El Subsecretario nos pregunt\u00f3 nuestra realidad y las problem\u00e1ticas y se comprometi\u00f3 a trabajar para solucionar algunos temas en lo que nosotros hicimos hincapi\u00e9<\/strong><\/em>\u201d, cont\u00f3 el presidente de Pueblo Nuevo tras el encuentro llevado a cabo en el mediod\u00eda de este s\u00e1bado.<\/p>\n<p>&nbsp;<\/p>\n<p>Explicando que en esta oportunidad no se presentaron como la Uni\u00f3n de Clubes sino como responsables de cada instituci\u00f3n, Maceo \u00a0destac\u00f3 que entre las muchas diferencias que se plantearon, el funcionario provincial se responsabiliz\u00f3 para \u201c<em>conseguir algo de infraestructura<\/em>\u201d.<\/p>\n<p>&nbsp;<\/p>\n<blockquote><p>\u201cLa funci\u00f3n que cumplimos esencial para sacar a los chicos de la calle\u201d<\/p><\/blockquote>\n<p>&nbsp;<\/p>\n<p>Por \u00faltimo, el presidente del \u201cLobo\u201d cont\u00f3: \u201c<strong>Nos regalaron 5 reflectores LED a cada club que est\u00e1bamos en la reuni\u00f3n, pero tambi\u00e9n estuvo recorriendo otros clubes<\/strong>\u201d.<\/p>\n","protected":false},"excerpt":{"rendered":"<p>Luego de que el subsecretario de Deportes de la provincia se reuniera con diferentes dirigentes deportivos, Jos\u00e9 Maceo habl\u00f3 con<\/p>\n","protected":false},"author":96739694,"featured_media":143415,"comment_status":"closed","ping_status":"closed","sticky":false,"template":"","format":"standard","meta":{"_jetpack_memberships_contains_paid_content":false,"footnotes":""},"categories":[30,1],"tags":[],"class_list":["post-4155","post","type-post","status-publish","format-standard","has-post-thumbnail","hentry","category-polideportivo","category-portada"],"jetpack_featured_media_url":"https:\/\/i0.wp.com\/cdnoticias.com\/wp-content\/uploads\/2021\/08\/WhatsApp-Image-2021-08-28-at-14.30.42-1024x678.jpeg?fit=1024%2C678&ssl=1","jetpack_sharing_enabled":true,"_links":{"self":[{"href":"https:\/\/cdnoticias.com\/index.php\/wp-json\/wp\/v2\/posts\/4155","targetHints":{"allow":["GET"]}}],"collection":[{"href":"https:\/\/cdnoticias.com\/index.php\/wp-json\/wp\/v2\/posts"}],"about":[{"href":"https:\/\/cdnoticias.com\/index.php\/wp-json\/wp\/v2\/types\/post"}],"author":[{"embeddable":true,"href":"https:\/\/cdnoticias.com\/index.php\/wp-json\/wp\/v2\/users\/96739694"}],"replies":[{"embeddable":true,"href":"https:\/\/cdnoticias.com\/index.php\/wp-json\/wp\/v2\/comments?post=4155"}],"version-history":[{"count":0,"href":"https:\/\/cdnoticias.com\/index.php\/wp-json\/wp\/v2\/posts\/4155\/revisions"}],"wp:featuredmedia":[{"embeddable":true,"href":"https:\/\/cdnoticias.com\/index.php\/wp-json\/wp\/v2\/media\/143415"}],"wp:attachment":[{"href":"https:\/\/cdnoticias.com\/index.php\/wp-json\/wp\/v2\/media?parent=4155"}],"wp:term":[{"taxonomy":"category","embeddable":true,"href":"https:\/\/cdnoticias.com\/index.php\/wp-json\/wp\/v2\/categories?post=4155"},{"taxonomy":"post_tag","embeddable":true,"href":"https:\/\/cdnoticias.com\/index.php\/wp-json\/wp\/v2\/tags?post=4155"}],"curies":[{"name":"wp","href":"https:\/\/api.w.org\/{rel}","templated":true}]}}