{"id":41537,"date":"2021-12-16T08:30:16","date_gmt":"2021-12-16T11:30:16","guid":{"rendered":"http:\/\/www.centraldenoticias.com.ar\/?p=41537"},"modified":"2021-12-16T11:07:31","modified_gmt":"2021-12-16T14:07:31","slug":"ley-de-mecenazgo-estaba-el-presupuesto-y-no-se-implemento","status":"publish","type":"post","link":"https:\/\/cdnoticias.com\/index.php\/2021\/12\/16\/ley-de-mecenazgo-estaba-el-presupuesto-y-no-se-implemento\/","title":{"rendered":"Ley de Mecenazgo: \u201cEstaba el presupuesto y no se implement\u00f3\u201d"},"content":{"rendered":"<p>La compositora y saxofonista Ingrid Feniger habl\u00f3 sobre el pedido que realizan artistas de Olavarr\u00eda y la regi\u00f3n para la aplicaci\u00f3n de la ley que incentiva la participaci\u00f3n privada en el financiamiento de proyectos culturales.<!--more--><\/p>\n<hr \/>\n<p>Artistas de Olavarr\u00eda y la regi\u00f3n se expresaron a trav\u00e9s de un comunicado para solicitar la implementaci\u00f3n de la <strong>Ley de Mecenazgo sancionada en 2016 y con el otorgamiento de un presupuesto propio en 2019 pero que no se ejecut\u00f3.<\/strong><\/p>\n<p>&nbsp;<\/p>\n<p>El pedido est\u00e1 <strong>dirigido al gobernador Axel Kicillof y a la Directora del Instituto Cultural de la Provincia Florencia Saintout<\/strong> y cuenta con la firma de numerosos artistas de nuestra ciudad.<\/p>\n<p>&nbsp;<\/p>\n<p>En di\u00e1logo con <em>Central de Noticias<\/em> la compositora y saxofonista <strong>Ingrid Feniger<\/strong> resalt\u00f3 el esp\u00edritu de dicha ley que busca<strong> incentivar la participaci\u00f3n privada en el financiamiento de todos aquellos proyectos que se enmarquen en las distintas \u00e1reas de la cultura<\/strong> como M\u00fasica, Teatro, Circo, Danza, Letras, poes\u00eda, narrativa, ensayos Artes visuales, Artes audiovisuales, Artesan\u00edas, Dise\u00f1o, Arte digital, entre otras.<\/p>\n<p>&nbsp;<\/p>\n<p>Detall\u00f3 que en nuestra ciudad <em>\u201chace casi un a\u00f1o que artistas y m\u00fasicos estamos junt\u00e1ndonos. Empez\u00f3 cuando pedimos por la apertura de actividades, tambi\u00e9n con la Asociaci\u00f3n Civil M\u00fasicos de Olavarr\u00eda (ACMO) que est\u00e1 por recibir sus papeles de conformaci\u00f3n y con Cultura Colgante que venimos trabajando hace ya varios a\u00f1os con distintas propuestas\u201d. \u00a0<\/em><\/p>\n<p>&nbsp;<\/p>\n<p>En contacto con otras asociaciones de otros lugares de la provincia de Buenos Aires surgi\u00f3 el pedido de que la Ley de Mecenazgo se aplique. <em>\u201c<strong>En el a\u00f1o 2019 se le asign\u00f3 un presupuesto en el gobierno de Vidal que no se utiliz\u00f3.<\/strong> Estaba todo dado para que la ley salga y no ejecutaron el presupuesto\u201d<\/em>, indic\u00f3 Feniger.<\/p>\n<p>&nbsp;<\/p>\n<blockquote><p>En ese sentido, asegur\u00f3 que \u201chay falta de decisi\u00f3n pol\u00edtica\u201d y se lament\u00f3 por lo ocurrido ese a\u00f1o: \u201cestaba el presupuesto y no se implement\u00f3. Es una picard\u00eda porque est\u00e1bamos muy cerca\u201d.<\/p><\/blockquote>\n<p>&nbsp;<\/p>\n<p><strong>Las caracter\u00edsticas de la ley <\/strong><\/p>\n<p><strong>\u00a0<\/strong><\/p>\n<p>La ley establece los puentes necesarios entre los denominamos patrocinadores o benefactores y los artistas de la Provincia de Buenos Aires, habilitando los recursos necesarios para la realizaci\u00f3n de proyectos culturales a trav\u00e9s de <strong>Beneficios Fiscales.<\/strong><\/p>\n<p>&nbsp;<\/p>\n<p><em>\u201cCiudades como la de Olavarr\u00eda y otras de la provincia, son ciudades muy pujantes que tienen much\u00edsimas empresas y sabemos que est\u00e1n dispuestas a apoyar este tipo de proyectos. Y por otro lado, gener\u00e1ndoles a ellos un beneficio fiscal, entonces ganamos todo\u201d<\/em>, reconoci\u00f3 Feniger.<\/p>\n<p>&nbsp;<\/p>\n<p>Por otro lado, <em>\u201chay proyectos que implican varias ciudades y \u00e9sta ser\u00eda la manera m\u00e1s significativa de apoyarlos. <strong>Si no somos los artistas yendo a golpear la puerta uno por uno y esto es siempre m\u00e1s dif\u00edcil<\/strong>\u201d.<\/em><\/p>\n<p>&nbsp;<\/p>\n<p>Adem\u00e1s, se suma el contexto provocado por la<strong> situaci\u00f3n sanitaria<\/strong> donde <em>\u201cluego de pasar casi dos a\u00f1os de pandemia, esto hoy se hace sumamente necesario porque es la otra posibilidad de financiamiento que tenemos los artistas m\u00e1s all\u00e1 de la del Estado\u201d.<\/em><\/p>\n<p>&nbsp;<\/p>\n<p>Por \u00faltimo, Feniger destac\u00f3 el <strong>pedido colectivo<\/strong> que realizan:<em> \u201cNo estamos pidiendo cada uno para su ciudad, sino que es una b\u00fasqueda colectiva donde todos vamos a ganar y de alguna manera <strong>aprendemos en el camino que las cosas de manera colectiva funcionan mejor.<\/strong> Es otro de los aprendizajes que termina dejando la cultura a la sociedad\u201d.<\/em><\/p>\n","protected":false},"excerpt":{"rendered":"<p>La compositora y saxofonista Ingrid Feniger habl\u00f3 sobre el pedido que realizan artistas de Olavarr\u00eda y la regi\u00f3n para la<\/p>\n","protected":false},"author":5,"featured_media":40036,"comment_status":"closed","ping_status":"closed","sticky":false,"template":"","format":"standard","meta":{"_jetpack_memberships_contains_paid_content":false,"footnotes":""},"categories":[9,1],"tags":[],"class_list":["post-41537","post","type-post","status-publish","format-standard","has-post-thumbnail","hentry","category-cultura","category-portada"],"jetpack_featured_media_url":"https:\/\/i0.wp.com\/cdnoticias.com\/wp-content\/uploads\/2021\/11\/WhatsApp-Image-2021-11-28-at-14.10.31.jpeg?fit=1280%2C960&ssl=1","jetpack_sharing_enabled":true,"_links":{"self":[{"href":"https:\/\/cdnoticias.com\/index.php\/wp-json\/wp\/v2\/posts\/41537","targetHints":{"allow":["GET"]}}],"collection":[{"href":"https:\/\/cdnoticias.com\/index.php\/wp-json\/wp\/v2\/posts"}],"about":[{"href":"https:\/\/cdnoticias.com\/index.php\/wp-json\/wp\/v2\/types\/post"}],"author":[{"embeddable":true,"href":"https:\/\/cdnoticias.com\/index.php\/wp-json\/wp\/v2\/users\/5"}],"replies":[{"embeddable":true,"href":"https:\/\/cdnoticias.com\/index.php\/wp-json\/wp\/v2\/comments?post=41537"}],"version-history":[{"count":0,"href":"https:\/\/cdnoticias.com\/index.php\/wp-json\/wp\/v2\/posts\/41537\/revisions"}],"wp:featuredmedia":[{"embeddable":true,"href":"https:\/\/cdnoticias.com\/index.php\/wp-json\/wp\/v2\/media\/40036"}],"wp:attachment":[{"href":"https:\/\/cdnoticias.com\/index.php\/wp-json\/wp\/v2\/media?parent=41537"}],"wp:term":[{"taxonomy":"category","embeddable":true,"href":"https:\/\/cdnoticias.com\/index.php\/wp-json\/wp\/v2\/categories?post=41537"},{"taxonomy":"post_tag","embeddable":true,"href":"https:\/\/cdnoticias.com\/index.php\/wp-json\/wp\/v2\/tags?post=41537"}],"curies":[{"name":"wp","href":"https:\/\/api.w.org\/{rel}","templated":true}]}}