{"id":41504,"date":"2021-12-15T13:01:51","date_gmt":"2021-12-15T16:01:51","guid":{"rendered":"http:\/\/www.centraldenoticias.com.ar\/?p=41504"},"modified":"2021-12-15T13:01:51","modified_gmt":"2021-12-15T16:01:51","slug":"resolucion-del-conflicto-de-trabajadores-de-recoleccion-de-residuos","status":"publish","type":"post","link":"https:\/\/cdnoticias.com\/index.php\/2021\/12\/15\/resolucion-del-conflicto-de-trabajadores-de-recoleccion-de-residuos\/","title":{"rendered":"Resoluci\u00f3n del conflicto de trabajadores de recolecci\u00f3n de residuos"},"content":{"rendered":"<p>En el Ministerio de Trabajo se alcanz\u00f3 un acuerdo: el trabajador no ser\u00e1 reincorporado y se definieron las condiciones de su salida de la empresa.<!--more--><\/p>\n<hr \/>\n<p><strong>El conflicto de los trabajadores de Malvinas con la empresa concesionaria de la recolecci\u00f3n de residuos lleg\u00f3 a un acuerdo este mi\u00e9rcoles<\/strong>: <a href=\"https:\/\/cdnoticias.com\/index.php\/2021\/12\/15\/malvinas-retomo-el-servicio-de-recoleccion-de-residuos\/\" target=\"_blank\" rel=\"noopener\">el servicio se retom\u00f3.<\/a><\/p>\n<p>&nbsp;<\/p>\n<p>Seg\u00fan pudo saber <strong>Central de Noticias<\/strong>, el acuerdo celebrado en el Ministerio de Trabajo en la ma\u00f1ana de este mi\u00e9rcoles consisti\u00f3 en la <strong>aceptaci\u00f3n del despido del trabajador por parte de la empresa.<\/strong><\/p>\n<p>&nbsp;<\/p>\n<blockquote><p>Una de las fuentes consultadas inform\u00f3 que en el acuerdo se entendi\u00f3 que \u201cel trabajador deja de pertenecer a la empresa\u201d y que este entendimiento lleg\u00f3 con el reconocimiento al empleado en cuesti\u00f3n de \u201clos beneficios correspondientes\u201d. Asimismo, se contemplaron otros aspectos referidos a los trabajadores que participaron del paro.<\/p><\/blockquote>\n<p>&nbsp;<\/p>\n<p>Por otro lado, se hizo saber que <strong>finalmente el Sindicato de Choferes de Camiones intervino en la audiencia<\/strong> ante \u201cel despido con causa\u201d y en el marco de un \u201cconflicto particular\u201d (\u201cno colectivo\u201d).<\/p>\n<p>&nbsp;<\/p>\n<p>El gremio certific\u00f3 que el ahora ex trabajador <strong>recibir\u00e1 el pago de una indemnizaci\u00f3n correspondiente, as\u00ed como el acceso de coberturas sociales<\/strong>. En ese marco, <em>\u201cel sindicato prest\u00f3 conformidad con el acuerdo al que se arrib\u00f3\u201d<\/em> se indic\u00f3.<\/p>\n<p>&nbsp;<\/p>\n<p><strong>Los trabajadores salieron a cumplir sus tareas antes del mediod\u00eda de este mi\u00e9rcoles<\/strong>. La empresa hab\u00eda dado a conocer de forma oficial que se retom\u00f3 el servicio de recolecci\u00f3n. En cuanto al de barrido, trascendi\u00f3 que se retomar\u00e1 este jueves.<\/p>\n","protected":false},"excerpt":{"rendered":"<p>En el Ministerio de Trabajo se alcanz\u00f3 un acuerdo: el trabajador no ser\u00e1 reincorporado y se definieron las condiciones de<\/p>\n","protected":false},"author":4,"featured_media":41489,"comment_status":"closed","ping_status":"closed","sticky":false,"template":"","format":"standard","meta":{"_jetpack_memberships_contains_paid_content":false,"footnotes":""},"categories":[5,1],"tags":[],"class_list":["post-41504","post","type-post","status-publish","format-standard","has-post-thumbnail","hentry","category-informacion-general","category-portada"],"jetpack_featured_media_url":"https:\/\/i0.wp.com\/cdnoticias.com\/wp-content\/uploads\/2021\/12\/malvinas-ministerio-de-trabajo-00.jpg?fit=800%2C445&ssl=1","jetpack_sharing_enabled":true,"_links":{"self":[{"href":"https:\/\/cdnoticias.com\/index.php\/wp-json\/wp\/v2\/posts\/41504","targetHints":{"allow":["GET"]}}],"collection":[{"href":"https:\/\/cdnoticias.com\/index.php\/wp-json\/wp\/v2\/posts"}],"about":[{"href":"https:\/\/cdnoticias.com\/index.php\/wp-json\/wp\/v2\/types\/post"}],"author":[{"embeddable":true,"href":"https:\/\/cdnoticias.com\/index.php\/wp-json\/wp\/v2\/users\/4"}],"replies":[{"embeddable":true,"href":"https:\/\/cdnoticias.com\/index.php\/wp-json\/wp\/v2\/comments?post=41504"}],"version-history":[{"count":0,"href":"https:\/\/cdnoticias.com\/index.php\/wp-json\/wp\/v2\/posts\/41504\/revisions"}],"wp:featuredmedia":[{"embeddable":true,"href":"https:\/\/cdnoticias.com\/index.php\/wp-json\/wp\/v2\/media\/41489"}],"wp:attachment":[{"href":"https:\/\/cdnoticias.com\/index.php\/wp-json\/wp\/v2\/media?parent=41504"}],"wp:term":[{"taxonomy":"category","embeddable":true,"href":"https:\/\/cdnoticias.com\/index.php\/wp-json\/wp\/v2\/categories?post=41504"},{"taxonomy":"post_tag","embeddable":true,"href":"https:\/\/cdnoticias.com\/index.php\/wp-json\/wp\/v2\/tags?post=41504"}],"curies":[{"name":"wp","href":"https:\/\/api.w.org\/{rel}","templated":true}]}}