{"id":41495,"date":"2021-12-15T11:10:48","date_gmt":"2021-12-15T14:10:48","guid":{"rendered":"http:\/\/www.centraldenoticias.com.ar\/?p=41495"},"modified":"2021-12-15T13:05:51","modified_gmt":"2021-12-15T16:05:51","slug":"tucura-la-comision-contra-las-plagas-estuvo-en-el-concejo","status":"publish","type":"post","link":"https:\/\/cdnoticias.com\/index.php\/2021\/12\/15\/tucura-la-comision-contra-las-plagas-estuvo-en-el-concejo\/","title":{"rendered":"Tucura: la Comisi\u00f3n contra las Plagas estuvo en el Concejo"},"content":{"rendered":"<p>Se constituy\u00f3 la comisi\u00f3n de Hacienda con la presidencia de Juan Mujica (Juntos). Los concejales recibieron informaci\u00f3n sobre la campa\u00f1a de fumigaci\u00f3n que alcanzar\u00e1 a 101 mil hect\u00e1reas.<!--more--><\/p>\n<hr \/>\n<p>Este mi\u00e9rcoles se reuni\u00f3 la comisi\u00f3n de Hacienda del Concejo Deliberante con la nueva conformaci\u00f3n y para <strong>el tratamiento del Programa de Lucha contra la Tucura que se votar\u00e1 en asamblea de concejales y mayores contribuyentes<\/strong> a realizarse este viernes.<\/p>\n<p>&nbsp;<\/p>\n<p><a href=\"https:\/\/cdnoticias.com\/index.php\/2021\/12\/14\/hcd-el-programa-de-lucha-contra-la-tucura-se-tratara-en-comision\/\" target=\"_blank\" rel=\"noopener\">Tal como se adelant\u00f3<\/a>, la comisi\u00f3n de Hacienda se constituy\u00f3 este mi\u00e9rcoles y <strong>el nuevo presidente es el concejal Juan Mujica (Juntos).<\/strong><\/p>\n<p>&nbsp;<\/p>\n<p>Adem\u00e1s asistieron los concejales <em>Mart\u00edn Endere, Carlos Coscia y Miriam Mosescu (Juntos), Sebasti\u00e1n Matrella y Bel\u00e9n Vergel (UCR-Juntos), Ubaldo Garc\u00eda (Frente de Todos) y Celeste Arouxet (Ahora Olavarr\u00eda)<\/em>. Cabe se\u00f1alar que no todos son integrantes de la comisi\u00f3n, aunque asistieron igualmente para informarse sobre el tema.<\/p>\n<p>&nbsp;<\/p>\n<p><img data-recalc-dims=\"1\" loading=\"lazy\" decoding=\"async\" class=\"size-full wp-image-41497 aligncenter\" src=\"https:\/\/i0.wp.com\/cdnoticias.com\/wp-content\/uploads\/2021\/12\/HCD-comision-de-hacienda-tucura-01-1.jpg?resize=800%2C445&#038;ssl=1\" alt=\"\" width=\"800\" height=\"445\" srcset=\"https:\/\/i0.wp.com\/cdnoticias.com\/wp-content\/uploads\/2021\/12\/HCD-comision-de-hacienda-tucura-01-1.jpg?w=800&amp;ssl=1 800w, https:\/\/i0.wp.com\/cdnoticias.com\/wp-content\/uploads\/2021\/12\/HCD-comision-de-hacienda-tucura-01-1.jpg?resize=300%2C167&amp;ssl=1 300w, https:\/\/i0.wp.com\/cdnoticias.com\/wp-content\/uploads\/2021\/12\/HCD-comision-de-hacienda-tucura-01-1.jpg?resize=768%2C427&amp;ssl=1 768w\" sizes=\"auto, (max-width: 800px) 100vw, 800px\" \/><\/p>\n<p>&nbsp;<\/p>\n<p>Los concejales recibieron a los miembros de la <strong>Comisi\u00f3n de Lucha contra las Plagas<\/strong> que anualmente analiza y planifica la campa\u00f1a de fumigaci\u00f3n contra la tucura para la Municipalidad de Olavarr\u00eda.<\/p>\n<p>&nbsp;<\/p>\n<p>Los integrantes de esta comisi\u00f3n interinstitucional, entre quienes se cuenta <strong>Hugo Santonja, director de Desarrollo Agropecuario del Municipio<\/strong>, expusieron a los concejales el trabajo de<strong> monitoreo e investigaci\u00f3n para determinar las zonas de mayor infestaci\u00f3n con la plaga<\/strong>.<\/p>\n<p>&nbsp;<\/p>\n<p><img data-recalc-dims=\"1\" loading=\"lazy\" decoding=\"async\" class=\"size-full wp-image-41498 aligncenter\" src=\"https:\/\/i0.wp.com\/cdnoticias.com\/wp-content\/uploads\/2021\/12\/HCD-comision-de-hacienda-tucura-02-1.jpg?resize=800%2C444&#038;ssl=1\" alt=\"\" width=\"800\" height=\"444\" srcset=\"https:\/\/i0.wp.com\/cdnoticias.com\/wp-content\/uploads\/2021\/12\/HCD-comision-de-hacienda-tucura-02-1.jpg?w=800&amp;ssl=1 800w, https:\/\/i0.wp.com\/cdnoticias.com\/wp-content\/uploads\/2021\/12\/HCD-comision-de-hacienda-tucura-02-1.jpg?resize=300%2C167&amp;ssl=1 300w, https:\/\/i0.wp.com\/cdnoticias.com\/wp-content\/uploads\/2021\/12\/HCD-comision-de-hacienda-tucura-02-1.jpg?resize=768%2C426&amp;ssl=1 768w\" sizes=\"auto, (max-width: 800px) 100vw, 800px\" \/><\/p>\n<p>&nbsp;<\/p>\n<blockquote><p>En ese marco, se inform\u00f3 que \u201cla densidad de desoves encontrada fue levemente mayor a la campa\u00f1a anterior\u201d, al tiempo que se aclar\u00f3 que el n\u00famero de puntos de muestreo se vio reducido este a\u00f1o debido a las lluvias del mes de septiembre. De igual manera, se explic\u00f3 que el fen\u00f3meno meteorol\u00f3gico impact\u00f3 en el retraso de la eclosi\u00f3n de los desoves.<\/p><\/blockquote>\n<p>&nbsp;<\/p>\n<p>Al momento de <a href=\"https:\/\/cdnoticias.com\/index.php\/2021\/12\/07\/tras-los-cortes-y-con-pedido-de-abstencion-se-votaron-los-cambios-impositivos\/\" target=\"_blank\" rel=\"noopener\">aprobarse la ordenanza preparatoria<\/a> se inform\u00f3 que para la implementaci\u00f3n del programa se autoriz\u00f3 la utilizaci\u00f3n del <strong>fondo de hasta 79 millones de pesos para fumigar 101.327 hect\u00e1reas<\/strong> del distrito.<\/p>\n<p>&nbsp;<\/p>\n<p><img data-recalc-dims=\"1\" loading=\"lazy\" decoding=\"async\" class=\"size-full wp-image-41500 aligncenter\" src=\"https:\/\/i0.wp.com\/cdnoticias.com\/wp-content\/uploads\/2021\/12\/HCD-comision-de-hacienda-tucura-04.jpg?resize=788%2C552&#038;ssl=1\" alt=\"\" width=\"788\" height=\"552\" srcset=\"https:\/\/i0.wp.com\/cdnoticias.com\/wp-content\/uploads\/2021\/12\/HCD-comision-de-hacienda-tucura-04.jpg?w=788&amp;ssl=1 788w, https:\/\/i0.wp.com\/cdnoticias.com\/wp-content\/uploads\/2021\/12\/HCD-comision-de-hacienda-tucura-04.jpg?resize=300%2C210&amp;ssl=1 300w, https:\/\/i0.wp.com\/cdnoticias.com\/wp-content\/uploads\/2021\/12\/HCD-comision-de-hacienda-tucura-04.jpg?resize=768%2C538&amp;ssl=1 768w, https:\/\/i0.wp.com\/cdnoticias.com\/wp-content\/uploads\/2021\/12\/HCD-comision-de-hacienda-tucura-04.jpg?resize=130%2C90&amp;ssl=1 130w\" sizes=\"auto, (max-width: 788px) 100vw, 788px\" \/><\/p>\n<p>&nbsp;<\/p>\n<blockquote><p>Las zonas a fumigar son Arroyo Corto (19.000 hect\u00e1reas), Hurtado (17.000 hect\u00e1reas), Mu\u00f1oz (16.000 hect\u00e1reas) y Pourtal\u00e9 (16.000 hect\u00e1reas). Con menor cantidad de hect\u00e1reas a tratar se cuentan Mi\u00f1ana, Iturregui y dos sectores de Dura\u00f1ona.<\/p><\/blockquote>\n<p>&nbsp;<\/p>\n<p>Los<strong> contribuyentes de la tasa especial<\/strong> abonar\u00e1n: la zona 1 $7,40 por hect\u00e1rea por mes y en la zona 2 $ 18,50 por hect\u00e1rea por mes.<\/p>\n<p>&nbsp;<\/p>\n<p><img data-recalc-dims=\"1\" loading=\"lazy\" decoding=\"async\" class=\"size-full wp-image-41499 aligncenter\" src=\"https:\/\/i0.wp.com\/cdnoticias.com\/wp-content\/uploads\/2021\/12\/HCD-comision-de-hacienda-tucura-03-1.jpg?resize=800%2C445&#038;ssl=1\" alt=\"\" width=\"800\" height=\"445\" srcset=\"https:\/\/i0.wp.com\/cdnoticias.com\/wp-content\/uploads\/2021\/12\/HCD-comision-de-hacienda-tucura-03-1.jpg?w=800&amp;ssl=1 800w, https:\/\/i0.wp.com\/cdnoticias.com\/wp-content\/uploads\/2021\/12\/HCD-comision-de-hacienda-tucura-03-1.jpg?resize=300%2C167&amp;ssl=1 300w, https:\/\/i0.wp.com\/cdnoticias.com\/wp-content\/uploads\/2021\/12\/HCD-comision-de-hacienda-tucura-03-1.jpg?resize=768%2C427&amp;ssl=1 768w\" sizes=\"auto, (max-width: 800px) 100vw, 800px\" \/><\/p>\n<p>&nbsp;<\/p>\n<p>Al cierre de la charla,<strong> Juan Mujica destac\u00f3 que sirvi\u00f3 para que \u201clos nuevos concejales se interioricen en el proyecto que ser\u00e1 tratado el viernes\u201d<\/strong>. El tambi\u00e9n vicepresidente 1\u00b0 del Concejo Deliberante calific\u00f3 a la reuni\u00f3n como \u201cmuy productiva\u201d dado que <em>\u201clos integrantes de la Comisi\u00f3n de Lucha contra las Plagas hicieron un pormenorizado an\u00e1lisis del trabajo de la campa\u00f1a 2021-2022 como as\u00ed tambi\u00e9n lo realizado desde los inicios del programa&#8221;<\/em>.<\/p>\n<p>&nbsp;<\/p>\n<p><strong>Este programa se viene realizando en el Partido de Olavarr\u00eda desde el a\u00f1o 2008<\/strong> y en los \u00faltimos a\u00f1os se han introducido modificaciones, aunque las mismas no afectaron la idea original.<\/p>\n","protected":false},"excerpt":{"rendered":"<p>Se constituy\u00f3 la comisi\u00f3n de Hacienda con la presidencia de Juan Mujica (Juntos). Los concejales recibieron informaci\u00f3n sobre la campa\u00f1a<\/p>\n","protected":false},"author":4,"featured_media":41496,"comment_status":"closed","ping_status":"closed","sticky":false,"template":"","format":"standard","meta":{"_jetpack_memberships_contains_paid_content":false,"footnotes":""},"categories":[4,1],"tags":[],"class_list":["post-41495","post","type-post","status-publish","format-standard","has-post-thumbnail","hentry","category-politica","category-portada"],"jetpack_featured_media_url":"https:\/\/i0.wp.com\/cdnoticias.com\/wp-content\/uploads\/2021\/12\/HCD-comision-de-hacienda-tucura-00-1.jpg?fit=800%2C445&ssl=1","jetpack_sharing_enabled":true,"_links":{"self":[{"href":"https:\/\/cdnoticias.com\/index.php\/wp-json\/wp\/v2\/posts\/41495","targetHints":{"allow":["GET"]}}],"collection":[{"href":"https:\/\/cdnoticias.com\/index.php\/wp-json\/wp\/v2\/posts"}],"about":[{"href":"https:\/\/cdnoticias.com\/index.php\/wp-json\/wp\/v2\/types\/post"}],"author":[{"embeddable":true,"href":"https:\/\/cdnoticias.com\/index.php\/wp-json\/wp\/v2\/users\/4"}],"replies":[{"embeddable":true,"href":"https:\/\/cdnoticias.com\/index.php\/wp-json\/wp\/v2\/comments?post=41495"}],"version-history":[{"count":0,"href":"https:\/\/cdnoticias.com\/index.php\/wp-json\/wp\/v2\/posts\/41495\/revisions"}],"wp:featuredmedia":[{"embeddable":true,"href":"https:\/\/cdnoticias.com\/index.php\/wp-json\/wp\/v2\/media\/41496"}],"wp:attachment":[{"href":"https:\/\/cdnoticias.com\/index.php\/wp-json\/wp\/v2\/media?parent=41495"}],"wp:term":[{"taxonomy":"category","embeddable":true,"href":"https:\/\/cdnoticias.com\/index.php\/wp-json\/wp\/v2\/categories?post=41495"},{"taxonomy":"post_tag","embeddable":true,"href":"https:\/\/cdnoticias.com\/index.php\/wp-json\/wp\/v2\/tags?post=41495"}],"curies":[{"name":"wp","href":"https:\/\/api.w.org\/{rel}","templated":true}]}}