{"id":41461,"date":"2021-12-14T20:14:38","date_gmt":"2021-12-14T23:14:38","guid":{"rendered":"http:\/\/www.centraldenoticias.com.ar\/?p=41461"},"modified":"2021-12-14T20:44:59","modified_gmt":"2021-12-14T23:44:59","slug":"venta-de-un-camino-a-cementos-avellaneda-proponen-una-comision-para-analizar-los-fondos","status":"publish","type":"post","link":"https:\/\/cdnoticias.com\/index.php\/2021\/12\/14\/venta-de-un-camino-a-cementos-avellaneda-proponen-una-comision-para-analizar-los-fondos\/","title":{"rendered":"Venta de un camino a Cementos Avellaneda: proponen una comisi\u00f3n para analizar los fondos"},"content":{"rendered":"<p>El Frente de Todos busca crear una comisi\u00f3n de seguimiento para que los recursos sean destinados al desarrollo tur\u00edstico y de infraestructura de las localidades.<!--more--><\/p>\n<hr \/>\n<p>El Interbloque del Frente de Todos propuso crear una comisi\u00f3n espec\u00edfica que tenga como objetivo<strong> controlar, sugerir y hacer un seguimiento detallado de la utilizaci\u00f3n de esos fondos que el ejecutivo obtendr\u00e1 de la venta de un tramo de un camino a la empresa Cementos Avellaneda.<\/strong><\/p>\n<p>&nbsp;<\/p>\n<p>El proyecto ingresado al HCD contempla la <strong>venta del camino que conecta la f\u00e1brica con la cantera &#8220;La Caba\u00f1ita&#8221;<\/strong>, a partir de una solicitud de la propia empresa.<\/p>\n<p>&nbsp;<\/p>\n<p>Seg\u00fan indicaron, a trav\u00e9s de la comisi\u00f3n de seguimiento se podr\u00e1 solicitar informaci\u00f3n, datos o documentaci\u00f3n para <strong>verificar, controlar y capitalizar como son utilizados los ingresos obtenidos a partir de la venta de un espacio municipal<\/strong> y a su vez contar\u00e1 con la participaci\u00f3n de concejales, delegados e integrantes del ejecutivo.<\/p>\n<p>&nbsp;<\/p>\n<p><em>\u201cCreemos muy necesario asegurarnos que esos recursos se destinen a las localidades, se debe aprovechar la oportunidad de compra por parte de la empresa y controlar una por una las obras a ejecutarse, es lo que lo que debemos asegurarle a los vecinos y vecinas\u201d<\/em> detallaron desde el Frente de Todos.<\/p>\n<p>&nbsp;<\/p>\n<p>Adem\u00e1s indicaron: <em>\u201c<strong>Se est\u00e1n tratando dos ordenanzas, por un lado la desafectaci\u00f3n del camino y por otro lado la venta, a esta \u00faltima queremos agregarle la creaci\u00f3n de una comisi\u00f3n de ejecuci\u00f3n y seguimiento de los fondos.<\/strong> Nos parece importante que con esos ingresos se hagan obras concretas destinadas a mejorar la calidad de vida de los vecinos y vecinas de Olavarr\u00eda y las localidades&#8221;.<\/em><\/p>\n","protected":false},"excerpt":{"rendered":"<p>El Frente de Todos busca crear una comisi\u00f3n de seguimiento para que los recursos sean destinados al desarrollo tur\u00edstico y<\/p>\n","protected":false},"author":5,"featured_media":41465,"comment_status":"closed","ping_status":"closed","sticky":false,"template":"","format":"standard","meta":{"_jetpack_memberships_contains_paid_content":false,"footnotes":""},"categories":[4,1],"tags":[],"class_list":["post-41461","post","type-post","status-publish","format-standard","has-post-thumbnail","hentry","category-politica","category-portada"],"jetpack_featured_media_url":"https:\/\/i0.wp.com\/cdnoticias.com\/wp-content\/uploads\/2021\/12\/WhatsApp-Image-2021-12-14-at-19.23.45.jpeg?fit=1280%2C853&ssl=1","jetpack_sharing_enabled":true,"_links":{"self":[{"href":"https:\/\/cdnoticias.com\/index.php\/wp-json\/wp\/v2\/posts\/41461","targetHints":{"allow":["GET"]}}],"collection":[{"href":"https:\/\/cdnoticias.com\/index.php\/wp-json\/wp\/v2\/posts"}],"about":[{"href":"https:\/\/cdnoticias.com\/index.php\/wp-json\/wp\/v2\/types\/post"}],"author":[{"embeddable":true,"href":"https:\/\/cdnoticias.com\/index.php\/wp-json\/wp\/v2\/users\/5"}],"replies":[{"embeddable":true,"href":"https:\/\/cdnoticias.com\/index.php\/wp-json\/wp\/v2\/comments?post=41461"}],"version-history":[{"count":0,"href":"https:\/\/cdnoticias.com\/index.php\/wp-json\/wp\/v2\/posts\/41461\/revisions"}],"wp:featuredmedia":[{"embeddable":true,"href":"https:\/\/cdnoticias.com\/index.php\/wp-json\/wp\/v2\/media\/41465"}],"wp:attachment":[{"href":"https:\/\/cdnoticias.com\/index.php\/wp-json\/wp\/v2\/media?parent=41461"}],"wp:term":[{"taxonomy":"category","embeddable":true,"href":"https:\/\/cdnoticias.com\/index.php\/wp-json\/wp\/v2\/categories?post=41461"},{"taxonomy":"post_tag","embeddable":true,"href":"https:\/\/cdnoticias.com\/index.php\/wp-json\/wp\/v2\/tags?post=41461"}],"curies":[{"name":"wp","href":"https:\/\/api.w.org\/{rel}","templated":true}]}}