{"id":41438,"date":"2021-12-14T19:10:45","date_gmt":"2021-12-14T22:10:45","guid":{"rendered":"http:\/\/www.centraldenoticias.com.ar\/?p=41438"},"modified":"2021-12-14T19:12:00","modified_gmt":"2021-12-14T22:12:00","slug":"agrimensores-de-toda-la-provincia-se-reuniran-en-olavarria","status":"publish","type":"post","link":"https:\/\/cdnoticias.com\/index.php\/2021\/12\/14\/agrimensores-de-toda-la-provincia-se-reuniran-en-olavarria\/","title":{"rendered":"Agrimensores de toda la Provincia se reunir\u00e1n en Olavarr\u00eda"},"content":{"rendered":"<p>Se trata de un encuentro que fue declarado de inter\u00e9s municipal. Adem\u00e1s, har\u00e1n entrega de instrumental a la Facultad de Ingenier\u00eda.<!--more--><\/p>\n<hr \/>\n<p><strong>Olavarr\u00eda reunir\u00e1 este viernes, por primera vez, a referentes de la agrimensura de los diez distritos que integran el Consejo Profesional de Agrimensura de la Provincia de Buenos Aires (CPA<\/strong>). El encuentro se desarrollar\u00e1 en el Centro Municipal de Convenciones y tendr\u00e1 como eje la Asamblea Anual del Organismo. El evento fue declarado de Inter\u00e9s Municipal.<\/p>\n<p>&nbsp;<\/p>\n<p>De acuerdo con lo que se logr\u00f3 conocer, en la agenda de actividades tambi\u00e9n ingres\u00f3 la Facultad de Ingenier\u00eda de la Universidad Nacional del Centro, que ser\u00e1 sede <strong>durante la jornada del jueves de un acto en el que referentes de dichos distritos que integran el consejo directivo entregar\u00e1n una unidad aut\u00f3noma de vuelo (Drone)<\/strong>.<\/p>\n<p>&nbsp;<\/p>\n<p><img data-recalc-dims=\"1\" loading=\"lazy\" decoding=\"async\" class=\"alignnone size-full wp-image-26577\" src=\"https:\/\/i0.wp.com\/cdnoticias.com\/wp-content\/uploads\/2021\/07\/FIO-ingenieria-unicen.jpg?resize=800%2C445&#038;ssl=1\" alt=\"\" width=\"800\" height=\"445\" srcset=\"https:\/\/i0.wp.com\/cdnoticias.com\/wp-content\/uploads\/2021\/07\/FIO-ingenieria-unicen.jpg?w=898&amp;ssl=1 898w, https:\/\/i0.wp.com\/cdnoticias.com\/wp-content\/uploads\/2021\/07\/FIO-ingenieria-unicen.jpg?resize=300%2C167&amp;ssl=1 300w, https:\/\/i0.wp.com\/cdnoticias.com\/wp-content\/uploads\/2021\/07\/FIO-ingenieria-unicen.jpg?resize=768%2C428&amp;ssl=1 768w, https:\/\/i0.wp.com\/cdnoticias.com\/wp-content\/uploads\/2021\/07\/FIO-ingenieria-unicen.jpg?resize=800%2C445&amp;ssl=1 800w\" sizes=\"auto, (max-width: 800px) 100vw, 800px\" \/><\/p>\n<p>&nbsp;<\/p>\n<p>El objetivo de esta donaci\u00f3n es que sea utilizado en clases pr\u00e1cticas por los estudiantes de la carrera de Ingenier\u00eda en Agrimensura que se dicta a trav\u00e9s de la FIO. <strong>El acto se concretar\u00e1 a las 12, en el Complejo Universitario, donde se prev\u00e9 un vuelo programado a manera de exhibici\u00f3n del nuevo drone, DJI Mavic 2 PRO.<\/strong><\/p>\n<p>&nbsp;<\/p>\n<p>Ambas iniciativas confirman que Olavarr\u00eda se ha convertido en una plaza referente de la Agrimensura dentro de la provincia de Buenos Aires, especialmente desde que la <strong>FIO dicta la carrera de Ingenier\u00eda en Agrimensura, y esta propuesta ratifica ese merecido posicionamiento.<\/strong><\/p>\n","protected":false},"excerpt":{"rendered":"<p>Se trata de un encuentro que fue declarado de inter\u00e9s municipal. Adem\u00e1s, har\u00e1n entrega de instrumental a la Facultad de<\/p>\n","protected":false},"author":3,"featured_media":36263,"comment_status":"closed","ping_status":"closed","sticky":false,"template":"","format":"standard","meta":{"_jetpack_memberships_contains_paid_content":false,"footnotes":""},"categories":[5,1],"tags":[],"class_list":["post-41438","post","type-post","status-publish","format-standard","has-post-thumbnail","hentry","category-informacion-general","category-portada"],"jetpack_featured_media_url":"https:\/\/i0.wp.com\/cdnoticias.com\/wp-content\/uploads\/2021\/10\/foto_cemo-1024x680.jpg?fit=1024%2C680&ssl=1","jetpack_sharing_enabled":true,"_links":{"self":[{"href":"https:\/\/cdnoticias.com\/index.php\/wp-json\/wp\/v2\/posts\/41438","targetHints":{"allow":["GET"]}}],"collection":[{"href":"https:\/\/cdnoticias.com\/index.php\/wp-json\/wp\/v2\/posts"}],"about":[{"href":"https:\/\/cdnoticias.com\/index.php\/wp-json\/wp\/v2\/types\/post"}],"author":[{"embeddable":true,"href":"https:\/\/cdnoticias.com\/index.php\/wp-json\/wp\/v2\/users\/3"}],"replies":[{"embeddable":true,"href":"https:\/\/cdnoticias.com\/index.php\/wp-json\/wp\/v2\/comments?post=41438"}],"version-history":[{"count":0,"href":"https:\/\/cdnoticias.com\/index.php\/wp-json\/wp\/v2\/posts\/41438\/revisions"}],"wp:featuredmedia":[{"embeddable":true,"href":"https:\/\/cdnoticias.com\/index.php\/wp-json\/wp\/v2\/media\/36263"}],"wp:attachment":[{"href":"https:\/\/cdnoticias.com\/index.php\/wp-json\/wp\/v2\/media?parent=41438"}],"wp:term":[{"taxonomy":"category","embeddable":true,"href":"https:\/\/cdnoticias.com\/index.php\/wp-json\/wp\/v2\/categories?post=41438"},{"taxonomy":"post_tag","embeddable":true,"href":"https:\/\/cdnoticias.com\/index.php\/wp-json\/wp\/v2\/tags?post=41438"}],"curies":[{"name":"wp","href":"https:\/\/api.w.org\/{rel}","templated":true}]}}