{"id":41410,"date":"2021-12-14T15:08:26","date_gmt":"2021-12-14T18:08:26","guid":{"rendered":"http:\/\/www.centraldenoticias.com.ar\/?p=41410"},"modified":"2021-12-14T15:33:27","modified_gmt":"2021-12-14T18:33:27","slug":"covid-19-se-detecto-un-paciente-con-variante-delta","status":"publish","type":"post","link":"https:\/\/cdnoticias.com\/index.php\/2021\/12\/14\/covid-19-se-detecto-un-paciente-con-variante-delta\/","title":{"rendered":"Covid-19: se detect\u00f3 un paciente con variante Delta en Olavarr\u00eda"},"content":{"rendered":"<p>Lo inform\u00f3 la Secretar\u00eda de Salud municipal tras el an\u00e1lisis del Instituto Malbr\u00e1n. El paciente se encuentra en buen estado de salud.<!--more--><\/p>\n<hr \/>\n<p><strong>La Secretar\u00eda de Salud del Gobierno Municipal inform\u00f3 que ha detectado la variante Delta del Covid-19<\/strong> en un paciente del partido de Olavarr\u00eda.<\/p>\n<p>&nbsp;<\/p>\n<blockquote><p>En este sentido, el Secretario de Salud Germ\u00e1n Caputo explic\u00f3 que \u201cal detectar caracter\u00edsticas espec\u00edficas se envi\u00f3 una muestra al Instituto Malbr\u00e1n que hace unas horas confirm\u00f3 la secuencia gen\u00e9tica de esta variante\u201d.<\/p><\/blockquote>\n<p>&nbsp;<\/p>\n<p><img data-recalc-dims=\"1\" loading=\"lazy\" decoding=\"async\" class=\"size-large wp-image-32158 aligncenter\" src=\"https:\/\/i0.wp.com\/cdnoticias.com\/wp-content\/uploads\/2021\/09\/german-caputo.jpg?resize=800%2C445&#038;ssl=1\" alt=\"\" width=\"800\" height=\"445\" srcset=\"https:\/\/i0.wp.com\/cdnoticias.com\/wp-content\/uploads\/2021\/09\/german-caputo.jpg?resize=1024%2C570&amp;ssl=1 1024w, https:\/\/i0.wp.com\/cdnoticias.com\/wp-content\/uploads\/2021\/09\/german-caputo.jpg?resize=300%2C167&amp;ssl=1 300w, https:\/\/i0.wp.com\/cdnoticias.com\/wp-content\/uploads\/2021\/09\/german-caputo.jpg?resize=768%2C427&amp;ssl=1 768w, https:\/\/i0.wp.com\/cdnoticias.com\/wp-content\/uploads\/2021\/09\/german-caputo.jpg?resize=800%2C445&amp;ssl=1 800w, https:\/\/i0.wp.com\/cdnoticias.com\/wp-content\/uploads\/2021\/09\/german-caputo.jpg?w=1600&amp;ssl=1 1600w, https:\/\/i0.wp.com\/cdnoticias.com\/wp-content\/uploads\/2021\/09\/german-caputo.jpg?w=2400&amp;ssl=1 2400w\" sizes=\"auto, (max-width: 800px) 100vw, 800px\" \/><\/p>\n<p>&nbsp;<\/p>\n<p>Asimismo, el funcionario municipal indic\u00f3 que \u201c<strong>el paciente se encuentra en buen estado general<\/strong>, cumpliendo el aislamiento <strong>en su domicilio<\/strong> y que la Direcci\u00f3n de Epidemiolog\u00eda est\u00e1 trabajando en la <strong>trazabilidad de contagio<\/strong>\u201d.<\/p>\n<p>&nbsp;<\/p>\n<p>\u201cLa decisi\u00f3n del intendente Galli de contar con un Laboratorio de Biolog\u00eda Molecular nos permiti\u00f3 detectar las caracter\u00edsticas y <strong>actuar r\u00e1pidamente<\/strong> en consecuencia\u201d, concluy\u00f3 Germ\u00e1n Caputo.<\/p>\n<p>&nbsp;<\/p>\n<blockquote><p>Desde el \u00e1rea de Salud, se recomend\u00f3 a la poblaci\u00f3n \u201ccompletar esquemas de vacunaci\u00f3n y continuar con las medidas de bioseguridad: uso de barbijo, lavado de manos, distancia social y ventilaci\u00f3n\u201d.<\/p><\/blockquote>\n","protected":false},"excerpt":{"rendered":"<p>Lo inform\u00f3 la Secretar\u00eda de Salud municipal tras el an\u00e1lisis del Instituto Malbr\u00e1n. El paciente se encuentra en buen estado<\/p>\n","protected":false},"author":4,"featured_media":41425,"comment_status":"closed","ping_status":"closed","sticky":false,"template":"","format":"standard","meta":{"_jetpack_memberships_contains_paid_content":false,"footnotes":""},"categories":[16,1],"tags":[],"class_list":["post-41410","post","type-post","status-publish","format-standard","has-post-thumbnail","hentry","category-covid-19","category-portada"],"jetpack_featured_media_url":"https:\/\/i0.wp.com\/cdnoticias.com\/wp-content\/uploads\/2021\/12\/covid-variante-delta.jpg?fit=800%2C447&ssl=1","jetpack_sharing_enabled":true,"_links":{"self":[{"href":"https:\/\/cdnoticias.com\/index.php\/wp-json\/wp\/v2\/posts\/41410","targetHints":{"allow":["GET"]}}],"collection":[{"href":"https:\/\/cdnoticias.com\/index.php\/wp-json\/wp\/v2\/posts"}],"about":[{"href":"https:\/\/cdnoticias.com\/index.php\/wp-json\/wp\/v2\/types\/post"}],"author":[{"embeddable":true,"href":"https:\/\/cdnoticias.com\/index.php\/wp-json\/wp\/v2\/users\/4"}],"replies":[{"embeddable":true,"href":"https:\/\/cdnoticias.com\/index.php\/wp-json\/wp\/v2\/comments?post=41410"}],"version-history":[{"count":0,"href":"https:\/\/cdnoticias.com\/index.php\/wp-json\/wp\/v2\/posts\/41410\/revisions"}],"wp:featuredmedia":[{"embeddable":true,"href":"https:\/\/cdnoticias.com\/index.php\/wp-json\/wp\/v2\/media\/41425"}],"wp:attachment":[{"href":"https:\/\/cdnoticias.com\/index.php\/wp-json\/wp\/v2\/media?parent=41410"}],"wp:term":[{"taxonomy":"category","embeddable":true,"href":"https:\/\/cdnoticias.com\/index.php\/wp-json\/wp\/v2\/categories?post=41410"},{"taxonomy":"post_tag","embeddable":true,"href":"https:\/\/cdnoticias.com\/index.php\/wp-json\/wp\/v2\/tags?post=41410"}],"curies":[{"name":"wp","href":"https:\/\/api.w.org\/{rel}","templated":true}]}}