{"id":41384,"date":"2021-12-14T10:12:30","date_gmt":"2021-12-14T13:12:30","guid":{"rendered":"http:\/\/www.centraldenoticias.com.ar\/?p=41384"},"modified":"2021-12-14T12:16:34","modified_gmt":"2021-12-14T15:16:34","slug":"bruno-cenizo-ya-es-subsecretario-de-cultura","status":"publish","type":"post","link":"https:\/\/cdnoticias.com\/index.php\/2021\/12\/14\/bruno-cenizo-ya-es-subsecretario-de-cultura\/","title":{"rendered":"Bruno Cenizo ya es subsecretario de Cultura"},"content":{"rendered":"<p>Tras la sesi\u00f3n del lunes, en la que pidi\u00f3 licencia en su banca, Cenizo habl\u00f3 de los \u201csentimientos encontrados\u201d por la salida del HCD y el regreso al Ejecutivo.<!--more--><\/p>\n<hr \/>\n<p>Este martes por la ma\u00f1ana se realiz\u00f3 <strong>una reuni\u00f3n en que el Secretario de Desarrollo Humano y Calidad de Vida, Diego Robbiani, dio la bienvenida a Bruno Cenizo como nuevo subsecretario de Cultura municipal<\/strong> y su presentaci\u00f3n a los directores y personal del \u00e1rea.<\/p>\n<p>&nbsp;<\/p>\n<p>De esta forma,<strong> el ex presidente del Concejo Deliberante regres\u00f3 al Ejecutivo municipal<\/strong> tras cuatro a\u00f1os de su mandato como concejal. <a href=\"https:\/\/cdnoticias.com\/index.php\/2021\/12\/13\/hcd-definieron-presidencias-y-conformacion-de-las-comisiones\/\" target=\"_blank\" rel=\"noopener\">Este lunes jur\u00f3 nuevamente<\/a>, pero <strong>pidi\u00f3 licencia en la banca<\/strong> para <a href=\"https:\/\/cdnoticias.com\/index.php\/2021\/12\/11\/bruno-cenizo-sera-el-nuevo-subsecretario-de-cultura-y-educacion-municipal\/\" target=\"_blank\" rel=\"noopener\">cumplir una nueva funci\u00f3n<\/a>.<\/p>\n<p>&nbsp;<\/p>\n<p>Al cierre de la sesi\u00f3n le dijo a <strong>Central de Noticias<\/strong> que vivi\u00f3 la ceremonia \u201c<strong>con muchos sentimientos encontrados. Una sensaci\u00f3n agridulce<\/strong>. Contento porque cada desaf\u00edo es una oportunidad y as\u00ed tomo lo que viene\u201d.<\/p>\n<p>&nbsp;<\/p>\n<blockquote><p>Agradeci\u00f3 a Ezequiel Galli \u201cpor darme la confianza en un lugar tan importante, porque la Subsecretaria de Cultura es enorme. Esperemos estar a la altura de las circunstancias. Por otro lado, un sabor un poquito amargo porque uno deja un equipo de trabajo, un lugar en que uno ya tiene su zona de confort\u201d.<\/p><\/blockquote>\n<p>&nbsp;<\/p>\n<p><img data-recalc-dims=\"1\" loading=\"lazy\" decoding=\"async\" class=\"alignnone size-full wp-image-41338\" src=\"https:\/\/i0.wp.com\/cdnoticias.com\/wp-content\/uploads\/2021\/12\/Cenizo-HCD01.jpg?resize=800%2C445&#038;ssl=1\" alt=\"\" width=\"800\" height=\"445\" srcset=\"https:\/\/i0.wp.com\/cdnoticias.com\/wp-content\/uploads\/2021\/12\/Cenizo-HCD01.jpg?w=800&amp;ssl=1 800w, https:\/\/i0.wp.com\/cdnoticias.com\/wp-content\/uploads\/2021\/12\/Cenizo-HCD01.jpg?resize=300%2C167&amp;ssl=1 300w, https:\/\/i0.wp.com\/cdnoticias.com\/wp-content\/uploads\/2021\/12\/Cenizo-HCD01.jpg?resize=768%2C427&amp;ssl=1 768w\" sizes=\"auto, (max-width: 800px) 100vw, 800px\" \/><\/p>\n<p>&nbsp;<\/p>\n<p>Acerca de su llegada al \u00e1rea de Cultura manifest\u00f3 que \u201chay un equipo que viene trabajando desde hace seis a\u00f1os, as\u00ed que <strong>me sumo a un equipo ya en marcha<\/strong>\u201d.<\/p>\n<p>&nbsp;<\/p>\n<p>Coment\u00f3 que para asumir en la Subsecretar\u00eda <strong>plante\u00f3 \u201calg\u00fan requerimiento de alg\u00fan administrativo de confianza m\u00edo del Concejo, que se viene conmigo\u201d<\/strong>. En ese marco, adelant\u00f3 el encuentro que se realiz\u00f3 este martes y que signific\u00f3 su inicio en la dependencia.<\/p>\n<p>&nbsp;<\/p>\n<p>Tuvo en cuenta que <strong>la temporada estival es de trabajo intenso en Cultura<\/strong>. \u201cEs una de las \u00e1reas con mayor trabajo y con <strong>un desaf\u00edo muy grande despu\u00e9s de un a\u00f1o en que no pudimos tenerlos que son los Corsos<\/strong>, as\u00ed que esperemos que esta pandemia nos acompa\u00f1e, que<a href=\"https:\/\/cdnoticias.com\/index.php\/2021\/12\/09\/el-intendente-confirmo-la-fecha-de-los-corsos-oficiales-2022\/\" target=\"_blank\" rel=\"noopener\"> los Corsos<\/a> y las fiestas de las localidades salgan como tienen que salir.<\/p>\n","protected":false},"excerpt":{"rendered":"<p>Tras la sesi\u00f3n del lunes, en la que pidi\u00f3 licencia en su banca, Cenizo habl\u00f3 de los \u201csentimientos encontrados\u201d por<\/p>\n","protected":false},"author":4,"featured_media":41322,"comment_status":"closed","ping_status":"closed","sticky":false,"template":"","format":"standard","meta":{"_jetpack_memberships_contains_paid_content":false,"footnotes":""},"categories":[4,1],"tags":[],"class_list":["post-41384","post","type-post","status-publish","format-standard","has-post-thumbnail","hentry","category-politica","category-portada"],"jetpack_featured_media_url":"https:\/\/i0.wp.com\/cdnoticias.com\/wp-content\/uploads\/2021\/12\/Cenizo-HCD.jpg?fit=800%2C445&ssl=1","jetpack_sharing_enabled":true,"_links":{"self":[{"href":"https:\/\/cdnoticias.com\/index.php\/wp-json\/wp\/v2\/posts\/41384","targetHints":{"allow":["GET"]}}],"collection":[{"href":"https:\/\/cdnoticias.com\/index.php\/wp-json\/wp\/v2\/posts"}],"about":[{"href":"https:\/\/cdnoticias.com\/index.php\/wp-json\/wp\/v2\/types\/post"}],"author":[{"embeddable":true,"href":"https:\/\/cdnoticias.com\/index.php\/wp-json\/wp\/v2\/users\/4"}],"replies":[{"embeddable":true,"href":"https:\/\/cdnoticias.com\/index.php\/wp-json\/wp\/v2\/comments?post=41384"}],"version-history":[{"count":0,"href":"https:\/\/cdnoticias.com\/index.php\/wp-json\/wp\/v2\/posts\/41384\/revisions"}],"wp:featuredmedia":[{"embeddable":true,"href":"https:\/\/cdnoticias.com\/index.php\/wp-json\/wp\/v2\/media\/41322"}],"wp:attachment":[{"href":"https:\/\/cdnoticias.com\/index.php\/wp-json\/wp\/v2\/media?parent=41384"}],"wp:term":[{"taxonomy":"category","embeddable":true,"href":"https:\/\/cdnoticias.com\/index.php\/wp-json\/wp\/v2\/categories?post=41384"},{"taxonomy":"post_tag","embeddable":true,"href":"https:\/\/cdnoticias.com\/index.php\/wp-json\/wp\/v2\/tags?post=41384"}],"curies":[{"name":"wp","href":"https:\/\/api.w.org\/{rel}","templated":true}]}}