{"id":41367,"date":"2021-12-13T21:52:20","date_gmt":"2021-12-14T00:52:20","guid":{"rendered":"http:\/\/www.centraldenoticias.com.ar\/?p=41367"},"modified":"2021-12-13T21:52:20","modified_gmt":"2021-12-14T00:52:20","slug":"la-banca-es-de-un-espacio-que-cree-en-una-ciudad-mas-justa","status":"publish","type":"post","link":"https:\/\/cdnoticias.com\/index.php\/2021\/12\/13\/la-banca-es-de-un-espacio-que-cree-en-una-ciudad-mas-justa\/","title":{"rendered":"\u201cLa banca es de un espacio que cree en una ciudad m\u00e1s justa\u201d"},"content":{"rendered":"<p>Con esas palabras se proclam\u00f3 Maximiliano Wesner, luego de jurar como nuevo concejal por el Frente de Todos.<!--more--><\/p>\n<hr \/>\n<p>La sesi\u00f3n de este lunes sirvi\u00f3 para que juren como nuevos concejales los ediles electos en las elecciones del pasado mes de noviembre. Uno de esos casos fue el de<strong> Maximiliano Wesner, quien encabez\u00f3 la lista del Frente de todos en las elecciones generales.<\/strong><\/p>\n<p>&nbsp;<\/p>\n<p>\u201cEs culminar un trabajo que hicimos entre todos los compa\u00f1eros y compa\u00f1eras a lo largo de estas dos campa\u00f1as, en las PASO y las generales de noviembre. <strong>La banca no es personal, es de un espacio pol\u00edtico que cree en una ciudad m\u00e1s justa para todos y todas las olavarrienses, eso vamos a representar y a venir a expresar en las pr\u00f3ximas sesiones\u201d<\/strong>, enfatiz\u00f3.<\/p>\n<p>&nbsp;<\/p>\n<p><img data-recalc-dims=\"1\" loading=\"lazy\" decoding=\"async\" class=\"alignnone size-full wp-image-41363\" src=\"https:\/\/i0.wp.com\/cdnoticias.com\/wp-content\/uploads\/2021\/12\/HCD08.jpg?resize=800%2C445&#038;ssl=1\" alt=\"\" width=\"800\" height=\"445\" srcset=\"https:\/\/i0.wp.com\/cdnoticias.com\/wp-content\/uploads\/2021\/12\/HCD08.jpg?w=800&amp;ssl=1 800w, https:\/\/i0.wp.com\/cdnoticias.com\/wp-content\/uploads\/2021\/12\/HCD08.jpg?resize=300%2C167&amp;ssl=1 300w, https:\/\/i0.wp.com\/cdnoticias.com\/wp-content\/uploads\/2021\/12\/HCD08.jpg?resize=768%2C427&amp;ssl=1 768w\" sizes=\"auto, (max-width: 800px) 100vw, 800px\" \/><\/p>\n<p>&nbsp;<\/p>\n<p>A la par agreg\u00f3 que <strong>\u201cpara nosotros el compromiso que tenemos con la ciudadan\u00eda, no solo de la Olavarr\u00eda sino tambi\u00e9n de las localidades, de la Olavarr\u00eda integra. Esa es la voz que venimos a levantar, esa es la bandera, para eso vamos a trabajar arduamente\u201d<\/strong>, agreg\u00f3.<\/p>\n<p>&nbsp;<\/p>\n<p>Al momento de realizar la jura lo hizo tanto por los compa\u00f1eros y compa\u00f1eras que lo han acompa\u00f1ado, como por la ciudadan\u00eda. <strong>\u201cLa jura no la tengo que pensar y no la quiero dividir\u201d<\/strong>, explic\u00f3 y agreg\u00f3 que la primera parte la dedico a aquellos y aquellas \u201cque me acompa\u00f1aron y venimos pensando una Olavarr\u00eda diferente\u201d.<\/p>\n<p>&nbsp;<\/p>\n<p>Luego, sobre los vecinos y vecinas del Partido, se\u00f1al\u00f3 que son<strong> \u201ca qui\u00e9nes me debo, los visite y me abrieron la puerta de sus casas. A ellos me debo y por ellos voy a trabajar\u201d<\/strong>, finaliz\u00f3.<\/p>\n","protected":false},"excerpt":{"rendered":"<p>Con esas palabras se proclam\u00f3 Maximiliano Wesner, luego de jurar como nuevo concejal por el Frente de Todos.<\/p>\n","protected":false},"author":3,"featured_media":41343,"comment_status":"closed","ping_status":"closed","sticky":false,"template":"","format":"standard","meta":{"_jetpack_memberships_contains_paid_content":false,"footnotes":""},"categories":[4,1],"tags":[],"class_list":["post-41367","post","type-post","status-publish","format-standard","has-post-thumbnail","hentry","category-politica","category-portada"],"jetpack_featured_media_url":"https:\/\/i0.wp.com\/cdnoticias.com\/wp-content\/uploads\/2021\/12\/Wesner-HCD.jpg?fit=800%2C445&ssl=1","jetpack_sharing_enabled":true,"_links":{"self":[{"href":"https:\/\/cdnoticias.com\/index.php\/wp-json\/wp\/v2\/posts\/41367","targetHints":{"allow":["GET"]}}],"collection":[{"href":"https:\/\/cdnoticias.com\/index.php\/wp-json\/wp\/v2\/posts"}],"about":[{"href":"https:\/\/cdnoticias.com\/index.php\/wp-json\/wp\/v2\/types\/post"}],"author":[{"embeddable":true,"href":"https:\/\/cdnoticias.com\/index.php\/wp-json\/wp\/v2\/users\/3"}],"replies":[{"embeddable":true,"href":"https:\/\/cdnoticias.com\/index.php\/wp-json\/wp\/v2\/comments?post=41367"}],"version-history":[{"count":0,"href":"https:\/\/cdnoticias.com\/index.php\/wp-json\/wp\/v2\/posts\/41367\/revisions"}],"wp:featuredmedia":[{"embeddable":true,"href":"https:\/\/cdnoticias.com\/index.php\/wp-json\/wp\/v2\/media\/41343"}],"wp:attachment":[{"href":"https:\/\/cdnoticias.com\/index.php\/wp-json\/wp\/v2\/media?parent=41367"}],"wp:term":[{"taxonomy":"category","embeddable":true,"href":"https:\/\/cdnoticias.com\/index.php\/wp-json\/wp\/v2\/categories?post=41367"},{"taxonomy":"post_tag","embeddable":true,"href":"https:\/\/cdnoticias.com\/index.php\/wp-json\/wp\/v2\/tags?post=41367"}],"curies":[{"name":"wp","href":"https:\/\/api.w.org\/{rel}","templated":true}]}}