{"id":41365,"date":"2021-12-13T21:21:57","date_gmt":"2021-12-14T00:21:57","guid":{"rendered":"http:\/\/www.centraldenoticias.com.ar\/?p=41365"},"modified":"2021-12-13T21:21:57","modified_gmt":"2021-12-14T00:21:57","slug":"la-sesion-del-hcd-en-fotos","status":"publish","type":"post","link":"https:\/\/cdnoticias.com\/index.php\/2021\/12\/13\/la-sesion-del-hcd-en-fotos\/","title":{"rendered":"La sesi\u00f3n del HCD en fotos"},"content":{"rendered":"<p>La jura de los nuevos concejales, pero tambi\u00e9n la discusi\u00f3n para las autoridades y m\u00e1s. Todo desde el lente de Central de Noticias.<!--more--><\/p>\n<hr \/>\n<p>La sesi\u00f3n del Concejo Deliberante dej\u00f3 mucha tela para cortar y material para analizar. Juraron las y los ediles electos el pasado mes de noviembre, pero eso fue tan solo la antesala a la <a href=\"https:\/\/cdnoticias.com\/index.php\/2021\/12\/13\/cecilia-krivochen-fue-elegida-como-presidenta-del-concejo-deliberante\/\" target=\"_blank\" rel=\"noopener\">discusi\u00f3n por las autoridades del cuerpo para el per\u00edodo 2021-2023<\/a>.<\/p>\n<p>&nbsp;<\/p>\n<p><strong>Finalmente Cecilia Krivochen fue elegida como presidenta de manera un\u00e1nim<\/strong>e, algo que no sucedi\u00f3 al momento de elegir qui\u00e9nes la secundar\u00e1n durante los pr\u00f3ximos dos a\u00f1os. A la par, tambi\u00e9n fue necesario un dilatado cuarto intermedio para resolver<a href=\"https:\/\/cdnoticias.com\/index.php\/2021\/12\/13\/hcd-definieron-presidencias-y-conformacion-de-las-comisiones\/\" target=\"_blank\" rel=\"noopener\"> autoridades y conformaci\u00f3n de las comisiones.\u00a0<\/a><\/p>\n<p>&nbsp;<\/p>\n<p>A continuaci\u00f3n un resumen de lo sucedido y m\u00e1s desde el lente de <em><strong>Central de Noticias<\/strong><\/em>.<\/p>\n<p>&nbsp;<\/p>\n<p>[soliloquy id=&#8221;41364&#8243;]<\/p>\n","protected":false},"excerpt":{"rendered":"<p>La jura de los nuevos concejales, pero tambi\u00e9n la discusi\u00f3n para las autoridades y m\u00e1s. Todo desde el lente de<\/p>\n","protected":false},"author":3,"featured_media":41363,"comment_status":"closed","ping_status":"closed","sticky":false,"template":"","format":"standard","meta":{"_jetpack_memberships_contains_paid_content":false,"footnotes":""},"categories":[4,1],"tags":[],"class_list":["post-41365","post","type-post","status-publish","format-standard","has-post-thumbnail","hentry","category-politica","category-portada"],"jetpack_featured_media_url":"https:\/\/i0.wp.com\/cdnoticias.com\/wp-content\/uploads\/2021\/12\/HCD08.jpg?fit=800%2C445&ssl=1","jetpack_sharing_enabled":true,"_links":{"self":[{"href":"https:\/\/cdnoticias.com\/index.php\/wp-json\/wp\/v2\/posts\/41365","targetHints":{"allow":["GET"]}}],"collection":[{"href":"https:\/\/cdnoticias.com\/index.php\/wp-json\/wp\/v2\/posts"}],"about":[{"href":"https:\/\/cdnoticias.com\/index.php\/wp-json\/wp\/v2\/types\/post"}],"author":[{"embeddable":true,"href":"https:\/\/cdnoticias.com\/index.php\/wp-json\/wp\/v2\/users\/3"}],"replies":[{"embeddable":true,"href":"https:\/\/cdnoticias.com\/index.php\/wp-json\/wp\/v2\/comments?post=41365"}],"version-history":[{"count":0,"href":"https:\/\/cdnoticias.com\/index.php\/wp-json\/wp\/v2\/posts\/41365\/revisions"}],"wp:featuredmedia":[{"embeddable":true,"href":"https:\/\/cdnoticias.com\/index.php\/wp-json\/wp\/v2\/media\/41363"}],"wp:attachment":[{"href":"https:\/\/cdnoticias.com\/index.php\/wp-json\/wp\/v2\/media?parent=41365"}],"wp:term":[{"taxonomy":"category","embeddable":true,"href":"https:\/\/cdnoticias.com\/index.php\/wp-json\/wp\/v2\/categories?post=41365"},{"taxonomy":"post_tag","embeddable":true,"href":"https:\/\/cdnoticias.com\/index.php\/wp-json\/wp\/v2\/tags?post=41365"}],"curies":[{"name":"wp","href":"https:\/\/api.w.org\/{rel}","templated":true}]}}