{"id":41347,"date":"2021-12-13T21:01:35","date_gmt":"2021-12-14T00:01:35","guid":{"rendered":"http:\/\/www.centraldenoticias.com.ar\/?p=41347"},"modified":"2021-12-13T21:05:13","modified_gmt":"2021-12-14T00:05:13","slug":"hcd-definieron-presidencias-y-conformacion-de-las-comisiones","status":"publish","type":"post","link":"https:\/\/cdnoticias.com\/index.php\/2021\/12\/13\/hcd-definieron-presidencias-y-conformacion-de-las-comisiones\/","title":{"rendered":"HCD: Definieron presidencias y conformaci\u00f3n de las comisiones"},"content":{"rendered":"<p>Adem\u00e1s de la jura de los flamantes ediles, se defini\u00f3 la conformaci\u00f3n de cada una de las comisiones del cuerpo.<!--more--><\/p>\n<hr \/>\n<p>En la jornada de este lunes, en el marco de la sesi\u00f3n del Concejo Deliberante se definieron muchas situaciones, m\u00e1s all\u00e1 de la jura de las y los concejales electos en las elecciones del pasado mes de noviembre. Adem\u00e1s de la elecci\u00f3n de las autoridades del cuerpo, del cual <a href=\"https:\/\/cdnoticias.com\/index.php\/2021\/12\/13\/cecilia-krivochen-fue-elegida-como-presidenta-del-concejo-deliberante\/\" target=\"_blank\" rel=\"noopener\">Cecilia Krivochen qued\u00f3 como nueva presidenta<\/a>, <strong>tambi\u00e9n se eligieron las presidencias y las conformaciones de cada una de las comisiones<\/strong>.<\/p>\n<p>&nbsp;<\/p>\n<p><img data-recalc-dims=\"1\" loading=\"lazy\" decoding=\"async\" class=\"alignnone size-full wp-image-41348\" src=\"https:\/\/i0.wp.com\/cdnoticias.com\/wp-content\/uploads\/2021\/12\/HCD07.jpg?resize=800%2C445&#038;ssl=1\" alt=\"\" width=\"800\" height=\"445\" srcset=\"https:\/\/i0.wp.com\/cdnoticias.com\/wp-content\/uploads\/2021\/12\/HCD07.jpg?w=800&amp;ssl=1 800w, https:\/\/i0.wp.com\/cdnoticias.com\/wp-content\/uploads\/2021\/12\/HCD07.jpg?resize=300%2C167&amp;ssl=1 300w, https:\/\/i0.wp.com\/cdnoticias.com\/wp-content\/uploads\/2021\/12\/HCD07.jpg?resize=768%2C427&amp;ssl=1 768w\" sizes=\"auto, (max-width: 800px) 100vw, 800px\" \/><\/p>\n<p>&nbsp;<\/p>\n<p>Quien tom\u00f3 la palabra para desarrollar esa moci\u00f3n fue el concejal oficiliasta Mart\u00edn Endere, quien cosech\u00f3 el voto un\u00e1nime del resto de los espacios, tras un acuerdo logrado en un cuarto intermedio que se prolong\u00f3 durante varios minutos. No obstante ello, el concejal Juan S\u00e1nchez hizo uso de la palabra para plantear que<strong> \u201chemos arribado a un principio de acuerdo apostando al.dialogo futuro. Lamentamos que esta posibilidad de di\u00e1logo no\u00a0 se haya podido manifestar y poner en evidencia respecto a las autoridades\u201d<\/strong>.<\/p>\n<p>&nbsp;<\/p>\n<p><em><strong>Las comisiones<\/strong><\/em><\/p>\n<p>&nbsp;<\/p>\n<p><strong>Comisi\u00f3n de Legislaci\u00f3n:<\/strong> ser\u00e1 presidida por el espacio y qued\u00f3 integrada por 14 miembros, 7 de los cuales ser\u00e1n de ese mismo espacio. A la par, 5 ser\u00e1n del Frente de Todos, 1 del unibloque UCR y el restante de Ahora Olavarr\u00eda.<\/p>\n<p>&nbsp;<\/p>\n<p><strong>Comisi\u00f3n de Hacienda:<\/strong> tambi\u00e9n ser\u00e1 presidida por Juntos y estar\u00e1 integrada por 8 miembros, cuya mitad ser\u00e1n del oficialismo. De los restantes, 3 ser\u00e1n del Frente de Todos y el restante de Ahora Olavarr\u00eda.<\/p>\n<p>&nbsp;<\/p>\n<p><strong>Comisi\u00f3n Infraestructura:<\/strong> se ver\u00e1 integrada por 10 ediles y presidida desde Juntos, que tendr\u00e1 5 concejales. El Frente de Todos tendr\u00e1 3, mientras que los restantes ser\u00e1n divididos entre el unibloque UCR y Ahora Olavarr\u00eda.<\/p>\n<p>&nbsp;<\/p>\n<p><strong>Comisi\u00f3n de Salud:<\/strong> tendr\u00e1 6 integrantes y ser\u00e1 liderada desde el Frente de Todos, que tendr\u00e1 la mitad de los integrantes. Juntos tendr\u00e1 2 concejales y el restante ser\u00e1 para el unibloque UCR.<\/p>\n<p>&nbsp;<\/p>\n<p><strong>Comisi\u00f3n de Desarrollo Econ\u00f3mico:<\/strong> tambi\u00e9n ser\u00e1 presidida desde el Frente de Todos y tendr\u00e1 6 miembros, repartidos en partes iguales entre Juntos y el Frente de Todos.<\/p>\n<p>&nbsp;<\/p>\n<p><img data-recalc-dims=\"1\" loading=\"lazy\" decoding=\"async\" class=\"alignnone size-full wp-image-41319\" src=\"https:\/\/i0.wp.com\/cdnoticias.com\/wp-content\/uploads\/2021\/12\/HCD01.jpg?resize=800%2C445&#038;ssl=1\" alt=\"\" width=\"800\" height=\"445\" srcset=\"https:\/\/i0.wp.com\/cdnoticias.com\/wp-content\/uploads\/2021\/12\/HCD01.jpg?w=800&amp;ssl=1 800w, https:\/\/i0.wp.com\/cdnoticias.com\/wp-content\/uploads\/2021\/12\/HCD01.jpg?resize=300%2C167&amp;ssl=1 300w, https:\/\/i0.wp.com\/cdnoticias.com\/wp-content\/uploads\/2021\/12\/HCD01.jpg?resize=768%2C427&amp;ssl=1 768w\" sizes=\"auto, (max-width: 800px) 100vw, 800px\" \/><\/p>\n<p>&nbsp;<\/p>\n<p><strong>Comisi\u00f3n de Educaci\u00f3n:<\/strong> ser\u00e1 encabezada desde Juntos y tambi\u00e9n tendr\u00e1 6 integrantes, divididos de manera igualitaria entre Juntos y el Frente de Todos.<\/p>\n<p>&nbsp;<\/p>\n<p><strong>Comisi\u00f3n de Trabajo:<\/strong> tambi\u00e9n tendr\u00e1 6 miembros, repartidos en partes iguales entre Juntos y el Frente de Todos, que adem\u00e1s tendr\u00e1 la presidencia.<\/p>\n<p>&nbsp;<\/p>\n<p><strong>Comisi\u00f3n de Localidades:<\/strong> ser\u00e1 encabezada por Juntos y tendr\u00e1 8 integrantes, cuya mitad corresponder\u00e1 tambi\u00e9n a Juntos. El Frente de Todos tendr\u00e1 3 integrantes y el restante corresponder\u00e1 a Ahora Olavarr\u00eda<\/p>\n<p>&nbsp;<\/p>\n<p><strong>Comisi\u00f3n de Seguridad:<\/strong> ser\u00e1 la \u00fanica que no tendr\u00e1, al momento, presidencia, la cual ser\u00e1 definida por la propia comisi\u00f3n cuando inicie su funcionamiento. Tendr\u00e1 6 integrantes, 3 de Juntos, 2 del Frente de Todos y 1 del unibloque UCR.<\/p>\n<p>&nbsp;<\/p>\n<p><strong>Comisi\u00f3n de G\u00e9nero:<\/strong>\u00a0tendr\u00e1 la presidencia del Frente de Todos y una conformaci\u00f3n de 6 miembros, repartidos en partes iguales entre el Frente de Todos y Juntos.<\/p>\n<p>&nbsp;<\/p>\n<p><strong>Comisi\u00f3n de Medio Ambiente:<\/strong> tambi\u00e9n tendr\u00e1 6 miembros, 3 y 3 entre oficialismo y oposici\u00f3n, mientras que la presidencia ser\u00e1 para Juntos.<\/p>\n","protected":false},"excerpt":{"rendered":"<p>Adem\u00e1s de la jura de los flamantes ediles, se defini\u00f3 la conformaci\u00f3n de cada una de las comisiones del cuerpo.<\/p>\n","protected":false},"author":3,"featured_media":41325,"comment_status":"closed","ping_status":"closed","sticky":false,"template":"","format":"standard","meta":{"_jetpack_memberships_contains_paid_content":false,"footnotes":""},"categories":[4,1],"tags":[],"class_list":["post-41347","post","type-post","status-publish","format-standard","has-post-thumbnail","hentry","category-politica","category-portada"],"jetpack_featured_media_url":"https:\/\/i0.wp.com\/cdnoticias.com\/wp-content\/uploads\/2021\/12\/HCD03.jpg?fit=800%2C445&ssl=1","jetpack_sharing_enabled":true,"_links":{"self":[{"href":"https:\/\/cdnoticias.com\/index.php\/wp-json\/wp\/v2\/posts\/41347","targetHints":{"allow":["GET"]}}],"collection":[{"href":"https:\/\/cdnoticias.com\/index.php\/wp-json\/wp\/v2\/posts"}],"about":[{"href":"https:\/\/cdnoticias.com\/index.php\/wp-json\/wp\/v2\/types\/post"}],"author":[{"embeddable":true,"href":"https:\/\/cdnoticias.com\/index.php\/wp-json\/wp\/v2\/users\/3"}],"replies":[{"embeddable":true,"href":"https:\/\/cdnoticias.com\/index.php\/wp-json\/wp\/v2\/comments?post=41347"}],"version-history":[{"count":0,"href":"https:\/\/cdnoticias.com\/index.php\/wp-json\/wp\/v2\/posts\/41347\/revisions"}],"wp:featuredmedia":[{"embeddable":true,"href":"https:\/\/cdnoticias.com\/index.php\/wp-json\/wp\/v2\/media\/41325"}],"wp:attachment":[{"href":"https:\/\/cdnoticias.com\/index.php\/wp-json\/wp\/v2\/media?parent=41347"}],"wp:term":[{"taxonomy":"category","embeddable":true,"href":"https:\/\/cdnoticias.com\/index.php\/wp-json\/wp\/v2\/categories?post=41347"},{"taxonomy":"post_tag","embeddable":true,"href":"https:\/\/cdnoticias.com\/index.php\/wp-json\/wp\/v2\/tags?post=41347"}],"curies":[{"name":"wp","href":"https:\/\/api.w.org\/{rel}","templated":true}]}}