{"id":4131,"date":"2020-10-16T20:13:07","date_gmt":"2020-10-16T23:13:07","guid":{"rendered":"http:\/\/www.centraldenoticias.com.ar\/?p=4131"},"modified":"2020-10-17T08:39:12","modified_gmt":"2020-10-17T11:39:12","slug":"jornada-record-se-detectaron-134-casos-positivos-de-coronavirus","status":"publish","type":"post","link":"https:\/\/cdnoticias.com\/index.php\/2020\/10\/16\/jornada-record-se-detectaron-134-casos-positivos-de-coronavirus\/","title":{"rendered":"Jornada r\u00e9cord: Se detectaron 134 casos positivos de coronavirus"},"content":{"rendered":"<p>Fue tras la realizaci\u00f3n de 200 test. A la par, tambi\u00e9n se confirm\u00f3 la muerte de tres pacientes que se hallaban internados en el Hospital Municipal.<\/p>\n<p><!--more--><\/p>\n<hr \/>\n<p>En la jornada de este viernes Olavarr\u00eda registr\u00f3 una cifra r\u00e9cord de casos positivos de coronavirus. Seg\u00fan se refiri\u00f3 desde el Ejecutivo local, <strong>tras la realizaci\u00f3n de 200 testeos, 134 personas dieron positivos de Covid19.<\/strong><\/p>\n<p>&nbsp;<\/p>\n<p>Tambi\u00e9n en las \u00faltimas 24 horas 49 personas recibieron el alta m\u00e9dica, por lo que<strong> son 465 los pacientes activos de coronavirus.<\/strong><\/p>\n<p>&nbsp;<\/p>\n<blockquote><p>Este viernes, lamentablemente, <a href=\"https:\/\/cdnoticias.com\/index.php\/2020\/10\/16\/este-viernes-fallecieron-tres-pacientes-con-covid-19-en-olavarria\/\">se confirm\u00f3 la muerte de tres pacientes positivos de Covid19.<\/a><\/p><\/blockquote>\n<p>&nbsp;<\/p>\n<p>La Secretar\u00eda de Salud del Gobierno Municipal inform\u00f3 que de los 134 casos de hoy,<a href=\"https:\/\/cdnoticias.com\/index.php\/2020\/10\/16\/deteccion-intensiva-de-covid-hubo-mas-de-80-testeos-en-dos-localidades\/\"> 32 corresponden al Programa de Detecci\u00f3n Masiva que se realiz\u00f3 en las localidades de Hinojo, Colonia Hinojo y Sierra Chica<\/a>. El resto de los positivos de hoy corresponden a personal del Servicio Penitenciario, de seguridad, por reuniones sociales, a nexos con positivos anteriores y <strong>se estudia el nexo epidemiol\u00f3gico del 30% de los casos de hoy.<\/strong><\/p>\n<p>&nbsp;<\/p>\n<p>Sobre el estado actual del Hospital, se indic\u00f3 que <strong>hay nueve pacientes en Unidad de Terapia Intensiva y trece en Cuidados Generales<\/strong>.\u00a0 No hay internados en el sector de Pediatr\u00eda. No hubo casos positivos en residencias de Adultos Mayores.<\/p>\n<p>&nbsp;<\/p>\n<p><img data-recalc-dims=\"1\" loading=\"lazy\" decoding=\"async\" class=\"alignnone size-large wp-image-4133\" src=\"https:\/\/i0.wp.com\/cdnoticias.com\/wp-content\/uploads\/2020\/10\/parte-11.jpg?resize=800%2C410&#038;ssl=1\" alt=\"\" width=\"800\" height=\"410\" srcset=\"https:\/\/i0.wp.com\/cdnoticias.com\/wp-content\/uploads\/2020\/10\/parte-11.jpg?resize=1024%2C525&amp;ssl=1 1024w, https:\/\/i0.wp.com\/cdnoticias.com\/wp-content\/uploads\/2020\/10\/parte-11.jpg?resize=300%2C154&amp;ssl=1 300w, https:\/\/i0.wp.com\/cdnoticias.com\/wp-content\/uploads\/2020\/10\/parte-11.jpg?resize=768%2C394&amp;ssl=1 768w, https:\/\/i0.wp.com\/cdnoticias.com\/wp-content\/uploads\/2020\/10\/parte-11.jpg?w=1167&amp;ssl=1 1167w\" sizes=\"auto, (max-width: 800px) 100vw, 800px\" \/><\/p>\n<p>&nbsp;<\/p>\n<p>En este sentido, desde la Secretar\u00eda de Salud Municipal aseguraron que el 88% de los casos positivos corresponden a personas con menos de 60 a\u00f1os y el 12% a mayores de 60 a\u00f1os.<\/p>\n<p>&nbsp;<\/p>\n<p>&nbsp;<\/p>\n","protected":false},"excerpt":{"rendered":"<p>Fue tras la realizaci\u00f3n de 200 test. A la par, tambi\u00e9n se confirm\u00f3 la muerte de tres pacientes que se<\/p>\n","protected":false},"author":3,"featured_media":4094,"comment_status":"closed","ping_status":"closed","sticky":false,"template":"","format":"standard","meta":{"_jetpack_memberships_contains_paid_content":false,"footnotes":""},"categories":[5,1],"tags":[],"class_list":["post-4131","post","type-post","status-publish","format-standard","has-post-thumbnail","hentry","category-informacion-general","category-portada"],"jetpack_featured_media_url":"https:\/\/i0.wp.com\/cdnoticias.com\/wp-content\/uploads\/2020\/10\/Salud-Testeos-Instesivos-Localidades-4.jpg?fit=1968%2C1312&ssl=1","jetpack_sharing_enabled":true,"_links":{"self":[{"href":"https:\/\/cdnoticias.com\/index.php\/wp-json\/wp\/v2\/posts\/4131","targetHints":{"allow":["GET"]}}],"collection":[{"href":"https:\/\/cdnoticias.com\/index.php\/wp-json\/wp\/v2\/posts"}],"about":[{"href":"https:\/\/cdnoticias.com\/index.php\/wp-json\/wp\/v2\/types\/post"}],"author":[{"embeddable":true,"href":"https:\/\/cdnoticias.com\/index.php\/wp-json\/wp\/v2\/users\/3"}],"replies":[{"embeddable":true,"href":"https:\/\/cdnoticias.com\/index.php\/wp-json\/wp\/v2\/comments?post=4131"}],"version-history":[{"count":0,"href":"https:\/\/cdnoticias.com\/index.php\/wp-json\/wp\/v2\/posts\/4131\/revisions"}],"wp:featuredmedia":[{"embeddable":true,"href":"https:\/\/cdnoticias.com\/index.php\/wp-json\/wp\/v2\/media\/4094"}],"wp:attachment":[{"href":"https:\/\/cdnoticias.com\/index.php\/wp-json\/wp\/v2\/media?parent=4131"}],"wp:term":[{"taxonomy":"category","embeddable":true,"href":"https:\/\/cdnoticias.com\/index.php\/wp-json\/wp\/v2\/categories?post=4131"},{"taxonomy":"post_tag","embeddable":true,"href":"https:\/\/cdnoticias.com\/index.php\/wp-json\/wp\/v2\/tags?post=4131"}],"curies":[{"name":"wp","href":"https:\/\/api.w.org\/{rel}","templated":true}]}}