{"id":41295,"date":"2021-12-13T15:56:00","date_gmt":"2021-12-13T18:56:00","guid":{"rendered":"http:\/\/www.centraldenoticias.com.ar\/?p=41295"},"modified":"2021-12-14T08:48:30","modified_gmt":"2021-12-14T11:48:30","slug":"un-transportista-olavarriense-se-descompenso-y-murio-en-bolivar","status":"publish","type":"post","link":"https:\/\/cdnoticias.com\/index.php\/2021\/12\/13\/un-transportista-olavarriense-se-descompenso-y-murio-en-bolivar\/","title":{"rendered":"Un transportista olavarriense se descompens\u00f3 y muri\u00f3 en Bol\u00edvar"},"content":{"rendered":"<p>El caso ocurri\u00f3 en el inicio de la tarde de este lunes en la Ruta Provincial 65.<!--more--><\/p>\n<hr \/>\n<p>Poco despu\u00e9s del mediod\u00eda de este lunes un transportista olavarriense <strong>falleci\u00f3 luego de descompensarse cuando circulaba en la vecina ciudad de Bol\u00edvar, por la Ruta Provincial 65.<\/strong><\/p>\n<p>&nbsp;<\/p>\n<p>De acuerdo con lo publicado por el portal del <em>Diario La Ma\u00f1ana<\/em>, el hombre <strong>se habr\u00eda descompensado al bajar de su cami\u00f3n Fiat Iveco en un obrador ubicado en las cercan\u00edas de la bajada del paraje Miramar.<\/strong><\/p>\n<p>&nbsp;<\/p>\n<p>Desde all\u00ed se requiri\u00f3 de urgencia el arribo de <strong>personal m\u00e9dico, que lo traslad\u00f3 al Hospital Miguel Capredoni, donde momentos m\u00e1s tarde se confirm\u00f3 el deceso<\/strong>.<\/p>\n<p>&nbsp;<\/p>\n<p><a href=\"https:\/\/www.diariolamanana.com.ar\/noticia\/un-camionero-olavarriense-sufrio-una-descompensacion-y-fallecio\/\" target=\"_blank\" rel=\"noopener\"><em>Fuente y foto Diario La Ma\u00f1ana de Bol\u00edvar<\/em><\/a><\/p>\n","protected":false},"excerpt":{"rendered":"<p>El caso ocurri\u00f3 en el inicio de la tarde de este lunes en la Ruta Provincial 65.<\/p>\n","protected":false},"author":3,"featured_media":41293,"comment_status":"closed","ping_status":"closed","sticky":false,"template":"","format":"standard","meta":{"_jetpack_memberships_contains_paid_content":false,"footnotes":""},"categories":[14,1],"tags":[],"class_list":["post-41295","post","type-post","status-publish","format-standard","has-post-thumbnail","hentry","category-policiales","category-portada"],"jetpack_featured_media_url":"https:\/\/i0.wp.com\/cdnoticias.com\/wp-content\/uploads\/2021\/12\/camion.jpg?fit=977%2C543&ssl=1","jetpack_sharing_enabled":true,"_links":{"self":[{"href":"https:\/\/cdnoticias.com\/index.php\/wp-json\/wp\/v2\/posts\/41295","targetHints":{"allow":["GET"]}}],"collection":[{"href":"https:\/\/cdnoticias.com\/index.php\/wp-json\/wp\/v2\/posts"}],"about":[{"href":"https:\/\/cdnoticias.com\/index.php\/wp-json\/wp\/v2\/types\/post"}],"author":[{"embeddable":true,"href":"https:\/\/cdnoticias.com\/index.php\/wp-json\/wp\/v2\/users\/3"}],"replies":[{"embeddable":true,"href":"https:\/\/cdnoticias.com\/index.php\/wp-json\/wp\/v2\/comments?post=41295"}],"version-history":[{"count":0,"href":"https:\/\/cdnoticias.com\/index.php\/wp-json\/wp\/v2\/posts\/41295\/revisions"}],"wp:featuredmedia":[{"embeddable":true,"href":"https:\/\/cdnoticias.com\/index.php\/wp-json\/wp\/v2\/media\/41293"}],"wp:attachment":[{"href":"https:\/\/cdnoticias.com\/index.php\/wp-json\/wp\/v2\/media?parent=41295"}],"wp:term":[{"taxonomy":"category","embeddable":true,"href":"https:\/\/cdnoticias.com\/index.php\/wp-json\/wp\/v2\/categories?post=41295"},{"taxonomy":"post_tag","embeddable":true,"href":"https:\/\/cdnoticias.com\/index.php\/wp-json\/wp\/v2\/tags?post=41295"}],"curies":[{"name":"wp","href":"https:\/\/api.w.org\/{rel}","templated":true}]}}