{"id":41263,"date":"2021-12-13T12:16:15","date_gmt":"2021-12-13T15:16:15","guid":{"rendered":"http:\/\/www.centraldenoticias.com.ar\/?p=41263"},"modified":"2021-12-13T15:35:57","modified_gmt":"2021-12-13T18:35:57","slug":"vemos-que-8-mil-personas-que-se-dieron-la-primera-dosis-no-se-aplicaron-la-segunda","status":"publish","type":"post","link":"https:\/\/cdnoticias.com\/index.php\/2021\/12\/13\/vemos-que-8-mil-personas-que-se-dieron-la-primera-dosis-no-se-aplicaron-la-segunda\/","title":{"rendered":"\u201cVemos que 8 mil personas que se dieron la primera dosis no se aplicaron la segunda\u201d"},"content":{"rendered":"<p>Ramiro Borzi, titular de la Regi\u00f3n Sanitaria IX, explic\u00f3 la relaci\u00f3n del repunte de casos de COVID y no completar el esquema del programa provincial de vacunaci\u00f3n. De todos modos, dijo que la cl\u00ednica de casos \u201ces leve\u201d.\u00a0<!--more--><\/p>\n<hr \/>\n<p>Luego de conocerse <strong>un repunte de casos activos de COVID en Olavarr\u00eda y las ciudades que componen la Regi\u00f3n Sanitaria IX<\/strong>, el titular del organismo <strong>Ramiro Borzi<\/strong> destac\u00f3 que <strong>la cl\u00ednica de casos es leve, pero hay una estrecha relaci\u00f3n estrecha entre el aumento de casos y no completar los esquemas de vacunaci\u00f3n.<\/strong><\/p>\n<p>&nbsp;<\/p>\n<p>Borzi, en di\u00e1logo con Central de Noticias, indic\u00f3 que <em>\u201cla situaci\u00f3n epidemiol\u00f3gica en la Regi\u00f3n Sanitaria ha tenido un repunte en la cantidad de casos activos\u201d<\/em> y si bien destac\u00f3 que <em>\u201cse ve en Olavarr\u00eda\u201d<\/em> en toda la regi\u00f3n <strong><em>\u201cse ve\u00eda hace un mes menos de 10 casos activos (fue el piso) y hoy rondan los 100. Ten\u00edamos siete ciudades sin casos activos y ahora solo tenemos dos\u201d.<\/em><\/strong><\/p>\n<p>&nbsp;<\/p>\n<p>Describiendo la cl\u00ednica de estos casos, Borzi destac\u00f3 que <strong><em>\u201ces leve\u201d<\/em><\/strong>. \u201c<em>Tenemos casos aislados de internaciones, la mayor\u00eda no requieren ese tipo de asistencia. No obstante, hay que cuidarse. Seguimos insistiendo en la necesidad de completar esquemas\u201d<\/em> agreg\u00f3.<\/p>\n<p>&nbsp;<\/p>\n<p>Este \u00faltimo punto es clave<em>: \u201cen Olavarr\u00eda hay una diferencia de 13 mil personas entre las m\u00e1s de 106 mil personas que se han aplicado primeras dosis y los que tienen segundas dosis\u201d<\/em> y si bien <em>\u201calgunos est\u00e1n esperando el tiempo que transcurra para aplicarse la segunda\u201d<\/em> desde Regi\u00f3n Sanitaria advirtieron que <strong><em>\u201calrededor de 7.500, 8.000 personas estar\u00edan en ese tiempo y no acceden a la vacunaci\u00f3n\u201d.<\/em><\/strong><\/p>\n<p>&nbsp;<\/p>\n<blockquote><p>Borzi catalog\u00f3 como \u201cnecesario\u201d que se completen los esquemas, adem\u00e1s de se\u00f1alar que \u201cavanzamos en terceras dosis y refuerzos\u201d.<\/p><\/blockquote>\n<p>&nbsp;<\/p>\n<p><em>\u201cTenemos que ganar tiempo, ahora que la cuesti\u00f3n estacional nos favorece, para que la llegada del pr\u00f3ximo oto\u00f1o\/invierno, no sea con un salto con una curva como sucede en pa\u00edses europeos y tengamos un escenario de casos altos, contagios, internaciones y dem\u00e1s\u201d<\/em> cerr\u00f3 el funcionario provincial.<\/p>\n","protected":false},"excerpt":{"rendered":"<p>Ramiro Borzi, titular de la Regi\u00f3n Sanitaria IX, explic\u00f3 la relaci\u00f3n del repunte de casos de COVID y no completar<\/p>\n","protected":false},"author":2,"featured_media":36925,"comment_status":"closed","ping_status":"closed","sticky":false,"template":"","format":"standard","meta":{"_jetpack_memberships_contains_paid_content":false,"footnotes":""},"categories":[16,1],"tags":[],"class_list":["post-41263","post","type-post","status-publish","format-standard","has-post-thumbnail","hentry","category-covid-19","category-portada"],"jetpack_featured_media_url":"https:\/\/i0.wp.com\/cdnoticias.com\/wp-content\/uploads\/2021\/10\/vacunacion-itinerante-borzi-00.jpg?fit=800%2C445&ssl=1","jetpack_sharing_enabled":true,"_links":{"self":[{"href":"https:\/\/cdnoticias.com\/index.php\/wp-json\/wp\/v2\/posts\/41263","targetHints":{"allow":["GET"]}}],"collection":[{"href":"https:\/\/cdnoticias.com\/index.php\/wp-json\/wp\/v2\/posts"}],"about":[{"href":"https:\/\/cdnoticias.com\/index.php\/wp-json\/wp\/v2\/types\/post"}],"author":[{"embeddable":true,"href":"https:\/\/cdnoticias.com\/index.php\/wp-json\/wp\/v2\/users\/2"}],"replies":[{"embeddable":true,"href":"https:\/\/cdnoticias.com\/index.php\/wp-json\/wp\/v2\/comments?post=41263"}],"version-history":[{"count":0,"href":"https:\/\/cdnoticias.com\/index.php\/wp-json\/wp\/v2\/posts\/41263\/revisions"}],"wp:featuredmedia":[{"embeddable":true,"href":"https:\/\/cdnoticias.com\/index.php\/wp-json\/wp\/v2\/media\/36925"}],"wp:attachment":[{"href":"https:\/\/cdnoticias.com\/index.php\/wp-json\/wp\/v2\/media?parent=41263"}],"wp:term":[{"taxonomy":"category","embeddable":true,"href":"https:\/\/cdnoticias.com\/index.php\/wp-json\/wp\/v2\/categories?post=41263"},{"taxonomy":"post_tag","embeddable":true,"href":"https:\/\/cdnoticias.com\/index.php\/wp-json\/wp\/v2\/tags?post=41263"}],"curies":[{"name":"wp","href":"https:\/\/api.w.org\/{rel}","templated":true}]}}