{"id":41260,"date":"2021-12-13T11:38:32","date_gmt":"2021-12-13T14:38:32","guid":{"rendered":"http:\/\/www.centraldenoticias.com.ar\/?p=41260"},"modified":"2021-12-13T12:16:28","modified_gmt":"2021-12-13T15:16:28","slug":"sergio-feoli-sera-el-nuevo-titular-local-de-la-cnrt","status":"publish","type":"post","link":"https:\/\/cdnoticias.com\/index.php\/2021\/12\/13\/sergio-feoli-sera-el-nuevo-titular-local-de-la-cnrt\/","title":{"rendered":"Sergio Feoli ser\u00e1 el nuevo titular local de la CNRT"},"content":{"rendered":"<p>Tras la aceptaci\u00f3n de la renuncia de Gast\u00f3n Sarachu, se confirm\u00f3 su reemplazo en paralelo. Se estima que comenzar\u00e1 su funci\u00f3n el 1 de enero.<!--more--><\/p>\n<hr \/>\n<p>Tras<strong> la renuncia para asumir como concejal de Gast\u00f3n Sarachu, se inform\u00f3 que Sergio Feoli ser\u00e1 su sucesor en la delegaci\u00f3n local de la Comisi\u00f3n Nacional de Regulaci\u00f3n de Transporte (CNRT).<\/strong><\/p>\n<p>&nbsp;<\/p>\n<blockquote><p>Feoli es integrante y parte del grupo de fundadores del Foro Olavarr\u00eda que conduce Eduardo Rodr\u00edguez, y formaba parte del equipo de trabajo de Sarachu en la CNRT.<\/p><\/blockquote>\n<p>&nbsp;<\/p>\n<p>Sarachu, que este lunes asumir\u00e1 como concejal del interbloque del Frente de Todos, renunci\u00f3 a su cargo desde el mismo momento que ocupe su banca en el \u00e1mbito deliberativo.<\/p>\n<p>&nbsp;<\/p>\n<p>Por cuestiones administrativas, en tanto, se aclar\u00f3 que <strong>Feoli comenzar\u00e1 a ocupar su funci\u00f3n desde el 1 de enero de 2022, mientras que las oficinas continuar\u00e1n funcionando -y realizando controles al transporte- con total normalidad.<\/strong><\/p>\n","protected":false},"excerpt":{"rendered":"<p>Tras la aceptaci\u00f3n de la renuncia de Gast\u00f3n Sarachu, se confirm\u00f3 su reemplazo en paralelo. Se estima que comenzar\u00e1 su<\/p>\n","protected":false},"author":2,"featured_media":41261,"comment_status":"closed","ping_status":"closed","sticky":false,"template":"","format":"standard","meta":{"_jetpack_memberships_contains_paid_content":false,"footnotes":""},"categories":[5,1],"tags":[],"class_list":["post-41260","post","type-post","status-publish","format-standard","has-post-thumbnail","hentry","category-informacion-general","category-portada"],"jetpack_featured_media_url":"https:\/\/i0.wp.com\/cdnoticias.com\/wp-content\/uploads\/2021\/12\/WhatsApp-Image-2021-12-13-at-10.32.17.jpeg?fit=1280%2C719&ssl=1","jetpack_sharing_enabled":true,"_links":{"self":[{"href":"https:\/\/cdnoticias.com\/index.php\/wp-json\/wp\/v2\/posts\/41260","targetHints":{"allow":["GET"]}}],"collection":[{"href":"https:\/\/cdnoticias.com\/index.php\/wp-json\/wp\/v2\/posts"}],"about":[{"href":"https:\/\/cdnoticias.com\/index.php\/wp-json\/wp\/v2\/types\/post"}],"author":[{"embeddable":true,"href":"https:\/\/cdnoticias.com\/index.php\/wp-json\/wp\/v2\/users\/2"}],"replies":[{"embeddable":true,"href":"https:\/\/cdnoticias.com\/index.php\/wp-json\/wp\/v2\/comments?post=41260"}],"version-history":[{"count":0,"href":"https:\/\/cdnoticias.com\/index.php\/wp-json\/wp\/v2\/posts\/41260\/revisions"}],"wp:featuredmedia":[{"embeddable":true,"href":"https:\/\/cdnoticias.com\/index.php\/wp-json\/wp\/v2\/media\/41261"}],"wp:attachment":[{"href":"https:\/\/cdnoticias.com\/index.php\/wp-json\/wp\/v2\/media?parent=41260"}],"wp:term":[{"taxonomy":"category","embeddable":true,"href":"https:\/\/cdnoticias.com\/index.php\/wp-json\/wp\/v2\/categories?post=41260"},{"taxonomy":"post_tag","embeddable":true,"href":"https:\/\/cdnoticias.com\/index.php\/wp-json\/wp\/v2\/tags?post=41260"}],"curies":[{"name":"wp","href":"https:\/\/api.w.org\/{rel}","templated":true}]}}