{"id":4124,"date":"2020-10-16T19:04:14","date_gmt":"2020-10-16T22:04:14","guid":{"rendered":"http:\/\/www.centraldenoticias.com.ar\/?p=4124"},"modified":"2020-10-16T19:04:14","modified_gmt":"2020-10-16T22:04:14","slug":"para-el-444-de-los-supermercados-las-ventas-cayeron-en-septiembre","status":"publish","type":"post","link":"https:\/\/cdnoticias.com\/index.php\/2020\/10\/16\/para-el-444-de-los-supermercados-las-ventas-cayeron-en-septiembre\/","title":{"rendered":"Para el 44,4% de los supermercados las ventas cayeron en septiembre"},"content":{"rendered":"<p>Los datos forman parte de la \u201cEncuestas cualitativa de consumo durante la emergencia sanitaria\u201d de septiembre. El relevamiento fue hecho por el INDEC.<!--more--><\/p>\n<hr \/>\n<p><strong>El 44,4% de los supermercados disminuy\u00f3 sus ventas en septiembre<\/strong>, una reducci\u00f3n de 11 puntos porcentuales respecto del 55,6% declarado en agosto, mientras el 2,8% del total se\u00f1al\u00f3 que tuvo mejoras, seg\u00fan un informe elaborado por el Instituto Nacional de Estad\u00edstica y Censos (Indec).<\/p>\n<p>&nbsp;<\/p>\n<p>Los datos forman parte de la <strong>\u201cEncuestas cualitativa de consumo durante la emergencia sanitaria\u201d<\/strong> de septiembre.<\/p>\n<p>&nbsp;<\/p>\n<p>Del total de supermercados que dijo que sus ventas disminuyeron, <strong>el 68,8% sostuvo que la ca\u00edda fue de hasta un 20%.<\/strong><\/p>\n<p>&nbsp;<\/p>\n<p>En cuanto a las<strong> expectativas sobre precios en los supermercados<\/strong>, mientras que en agosto el 61,1% de los participantes dijo que esperaban que los valores promedios de venta aumentaran en el siguiente mes, en septiembre dicho porcentaje trep\u00f3 al 72,2%.<\/p>\n<p>&nbsp;<\/p>\n<p>En el caso de los de los <strong>autoservicios mayoristas<\/strong>, la proporci\u00f3n de empresas que espera un aumento de los precios promedio de venta en el pr\u00f3ximo mes fue del 75%, similar al de agosto pasado.<\/p>\n<p>&nbsp;<\/p>\n<p>Entre estos autoservicios, el 43,8% de los consultados asegur\u00f3 que sus ventas cayeron durante septiembre, contra un 6,3% que experiment\u00f3 una mejora. En agosto, el 62,5% de los encuestados afirmaba que ten\u00edan una ca\u00edda en sus ventas.<\/p>\n<p>&nbsp;<\/p>\n<p>El 71,4% de las empresas que declararon que sus ventas disminuyeron en septiembre informa que lo hicieron en hasta un 20%.<\/p>\n<p>&nbsp;<\/p>\n<p>Respecto al <strong>empleo<\/strong>, las expectativas se mantienen iguales que en agosto: <strong>el 83,3% de los supermercados considera que no habr\u00e1 cambios en el n\u00famero de personas contratadas durante octubre y en el caso de los autoservicios mayoristas dicho porcentaje ascendi\u00f3 a 87,5%.<\/strong><\/p>\n<p>&nbsp;<\/p>\n<p>El relevamiento fue realizado <strong>v\u00eda correo electr\u00f3nico<\/strong> y dirigido a gerentes generales, de ventas, finanzas u otro puesto jer\u00e1rquico similar <em>\u201cquienes responden con base en la percepci\u00f3n y experiencia sobre el negocio\u201d<\/em>, explic\u00f3 el Indec.<\/p>\n<p>&nbsp;<\/p>\n<p>Fuente: T\u00e9lam<\/p>\n","protected":false},"excerpt":{"rendered":"<p>Los datos forman parte de la \u201cEncuestas cualitativa de consumo durante la emergencia sanitaria\u201d de septiembre. El relevamiento fue hecho<\/p>\n","protected":false},"author":5,"featured_media":4125,"comment_status":"closed","ping_status":"closed","sticky":false,"template":"","format":"standard","meta":{"_jetpack_memberships_contains_paid_content":false,"footnotes":""},"categories":[6],"tags":[],"class_list":["post-4124","post","type-post","status-publish","format-standard","has-post-thumbnail","hentry","category-nacionales"],"jetpack_featured_media_url":"https:\/\/i0.wp.com\/cdnoticias.com\/wp-content\/uploads\/2020\/10\/supermercado.jpg?fit=1004%2C566&ssl=1","jetpack_sharing_enabled":true,"_links":{"self":[{"href":"https:\/\/cdnoticias.com\/index.php\/wp-json\/wp\/v2\/posts\/4124","targetHints":{"allow":["GET"]}}],"collection":[{"href":"https:\/\/cdnoticias.com\/index.php\/wp-json\/wp\/v2\/posts"}],"about":[{"href":"https:\/\/cdnoticias.com\/index.php\/wp-json\/wp\/v2\/types\/post"}],"author":[{"embeddable":true,"href":"https:\/\/cdnoticias.com\/index.php\/wp-json\/wp\/v2\/users\/5"}],"replies":[{"embeddable":true,"href":"https:\/\/cdnoticias.com\/index.php\/wp-json\/wp\/v2\/comments?post=4124"}],"version-history":[{"count":0,"href":"https:\/\/cdnoticias.com\/index.php\/wp-json\/wp\/v2\/posts\/4124\/revisions"}],"wp:featuredmedia":[{"embeddable":true,"href":"https:\/\/cdnoticias.com\/index.php\/wp-json\/wp\/v2\/media\/4125"}],"wp:attachment":[{"href":"https:\/\/cdnoticias.com\/index.php\/wp-json\/wp\/v2\/media?parent=4124"}],"wp:term":[{"taxonomy":"category","embeddable":true,"href":"https:\/\/cdnoticias.com\/index.php\/wp-json\/wp\/v2\/categories?post=4124"},{"taxonomy":"post_tag","embeddable":true,"href":"https:\/\/cdnoticias.com\/index.php\/wp-json\/wp\/v2\/tags?post=4124"}],"curies":[{"name":"wp","href":"https:\/\/api.w.org\/{rel}","templated":true}]}}