{"id":41238,"date":"2021-12-13T16:46:01","date_gmt":"2021-12-13T19:46:01","guid":{"rendered":"http:\/\/www.centraldenoticias.com.ar\/?p=41238"},"modified":"2021-12-13T16:46:01","modified_gmt":"2021-12-13T19:46:01","slug":"arrebatando-lagrimas-festejo-un-nuevo-cumpleanos-a-puro-color-y-alegria","status":"publish","type":"post","link":"https:\/\/cdnoticias.com\/index.php\/2021\/12\/13\/arrebatando-lagrimas-festejo-un-nuevo-cumpleanos-a-puro-color-y-alegria\/","title":{"rendered":"Arrebatando L\u00e1grimas festej\u00f3 un nuevo cumplea\u00f1os a puro color y alegr\u00eda"},"content":{"rendered":"<p>Se trat\u00f3 del 22\u00b0 aniversario de la Mutual de Arte Popular, que celebr\u00f3 junto a una multitud en Rufino Fal y Chiclana.<!--more--><\/p>\n<hr \/>\n<p>En el cierre de la tarde de este domingo la Mutual de Arte Popular Arrebatando L\u00e1grimas festej\u00f3 su 22\u00b0 aniversario con evento a puro color y alegr\u00eda que tuvo como sede el <strong>cruce de Rufino Fal y Chiclana, el terreno donde la agrupaci\u00f3n proyecta su centro cultural comunitario.<\/strong><\/p>\n<p>&nbsp;<\/p>\n<p><img data-recalc-dims=\"1\" loading=\"lazy\" decoding=\"async\" class=\"alignnone size-full wp-image-41288\" src=\"https:\/\/i0.wp.com\/cdnoticias.com\/wp-content\/uploads\/2021\/12\/arrebatando-lagrimas07.jpg?resize=800%2C445&#038;ssl=1\" alt=\"\" width=\"800\" height=\"445\" srcset=\"https:\/\/i0.wp.com\/cdnoticias.com\/wp-content\/uploads\/2021\/12\/arrebatando-lagrimas07.jpg?w=800&amp;ssl=1 800w, https:\/\/i0.wp.com\/cdnoticias.com\/wp-content\/uploads\/2021\/12\/arrebatando-lagrimas07.jpg?resize=300%2C167&amp;ssl=1 300w, https:\/\/i0.wp.com\/cdnoticias.com\/wp-content\/uploads\/2021\/12\/arrebatando-lagrimas07.jpg?resize=768%2C427&amp;ssl=1 768w\" sizes=\"auto, (max-width: 800px) 100vw, 800px\" \/><\/p>\n<p>&nbsp;<\/p>\n<p><strong>Ante un muy buen marco de p\u00fablico,<\/strong> que se acerc\u00f3 con sillas, reposeras o mantas para mayor comodidad, desplegaron el espect\u00e1culo \u201cL@ cura es el carnaval\u201d, como cierre del tiempo extraordinario que nos toca vivir en el planeta.<\/p>\n<p>&nbsp;<\/p>\n<p><em><strong>Galer\u00eda de im\u00e1genes<\/strong><\/em><\/p>\n<p>&nbsp;<\/p>\n<p>[soliloquy id=&#8221;41290&#8243;]<\/p>\n<p>&nbsp;<\/p>\n<p>&nbsp;<\/p>\n","protected":false},"excerpt":{"rendered":"<p>Se trat\u00f3 del 22\u00b0 aniversario de la Mutual de Arte Popular, que celebr\u00f3 junto a una multitud en Rufino Fal<\/p>\n","protected":false},"author":3,"featured_media":41286,"comment_status":"closed","ping_status":"closed","sticky":false,"template":"","format":"standard","meta":{"_jetpack_memberships_contains_paid_content":false,"footnotes":""},"categories":[9,1],"tags":[],"class_list":["post-41238","post","type-post","status-publish","format-standard","has-post-thumbnail","hentry","category-cultura","category-portada"],"jetpack_featured_media_url":"https:\/\/i0.wp.com\/cdnoticias.com\/wp-content\/uploads\/2021\/12\/arrebatando-lagrimas.jpg?fit=800%2C445&ssl=1","jetpack_sharing_enabled":true,"_links":{"self":[{"href":"https:\/\/cdnoticias.com\/index.php\/wp-json\/wp\/v2\/posts\/41238","targetHints":{"allow":["GET"]}}],"collection":[{"href":"https:\/\/cdnoticias.com\/index.php\/wp-json\/wp\/v2\/posts"}],"about":[{"href":"https:\/\/cdnoticias.com\/index.php\/wp-json\/wp\/v2\/types\/post"}],"author":[{"embeddable":true,"href":"https:\/\/cdnoticias.com\/index.php\/wp-json\/wp\/v2\/users\/3"}],"replies":[{"embeddable":true,"href":"https:\/\/cdnoticias.com\/index.php\/wp-json\/wp\/v2\/comments?post=41238"}],"version-history":[{"count":0,"href":"https:\/\/cdnoticias.com\/index.php\/wp-json\/wp\/v2\/posts\/41238\/revisions"}],"wp:featuredmedia":[{"embeddable":true,"href":"https:\/\/cdnoticias.com\/index.php\/wp-json\/wp\/v2\/media\/41286"}],"wp:attachment":[{"href":"https:\/\/cdnoticias.com\/index.php\/wp-json\/wp\/v2\/media?parent=41238"}],"wp:term":[{"taxonomy":"category","embeddable":true,"href":"https:\/\/cdnoticias.com\/index.php\/wp-json\/wp\/v2\/categories?post=41238"},{"taxonomy":"post_tag","embeddable":true,"href":"https:\/\/cdnoticias.com\/index.php\/wp-json\/wp\/v2\/tags?post=41238"}],"curies":[{"name":"wp","href":"https:\/\/api.w.org\/{rel}","templated":true}]}}