{"id":41222,"date":"2021-12-13T08:30:15","date_gmt":"2021-12-13T11:30:15","guid":{"rendered":"http:\/\/www.centraldenoticias.com.ar\/?p=41222"},"modified":"2021-12-13T10:40:25","modified_gmt":"2021-12-13T13:40:25","slug":"el-presidente-de-fabricaciones-militares-visito-fanazul-seguimos-incorporando-trabajadores","status":"publish","type":"post","link":"https:\/\/cdnoticias.com\/index.php\/2021\/12\/13\/el-presidente-de-fabricaciones-militares-visito-fanazul-seguimos-incorporando-trabajadores\/","title":{"rendered":"El Presidente de Fabricaciones Militares visit\u00f3 Fanazul: \u201cseguimos incorporando trabajadores\u201d"},"content":{"rendered":"<p>Iv\u00e1n Durig\u00f3n estuvo en la empresa azule\u00f1a para conmemorar los 80 a\u00f1os de la f\u00e1brica. \u201cEsperamos que el a\u00f1o que viene se d\u00e9 definitivamente la reapertura\u201d proyect\u00f3.<!--more--><\/p>\n<hr \/>\n<p>A pocos d\u00edas de fin de a\u00f1o, <strong>el presidente de Fabricaciones Militares Sociedad del Estado, Iv\u00e1n Durig\u00f3n, estuvo en la localidad de Azul<\/strong>.<\/p>\n<p>&nbsp;<\/p>\n<blockquote><p>Visit\u00f3 Fanazul para conmemorar los 80 a\u00f1os de la f\u00e1brica y destac\u00f3 que \u201cseguimos incorporando trabajadores\u201d para estimar que sumar\u00e1n entre \u201c9 \u00f3 10 m\u00e1s antes de fin de a\u00f1o\u201d.<\/p><\/blockquote>\n<p>&nbsp;<\/p>\n<p>A trav\u00e9s de Diario El Tiempo se inform\u00f3 que \u00a0brind\u00f3 detalles acerca de <strong>c\u00f3mo se est\u00e1 planificando el cierre de 2021<\/strong> y realiz\u00f3 un balance sobre lo actuado en las distintas plantas de Fabricaciones Militares.<\/p>\n<p>&nbsp;<\/p>\n<p><img data-recalc-dims=\"1\" loading=\"lazy\" decoding=\"async\" class=\"size-full wp-image-10573 aligncenter\" src=\"https:\/\/i0.wp.com\/cdnoticias.com\/wp-content\/uploads\/2021\/01\/fanazul.jpg?resize=800%2C447&#038;ssl=1\" alt=\"\" width=\"800\" height=\"447\" srcset=\"https:\/\/i0.wp.com\/cdnoticias.com\/wp-content\/uploads\/2021\/01\/fanazul.jpg?w=800&amp;ssl=1 800w, https:\/\/i0.wp.com\/cdnoticias.com\/wp-content\/uploads\/2021\/01\/fanazul.jpg?resize=300%2C168&amp;ssl=1 300w, https:\/\/i0.wp.com\/cdnoticias.com\/wp-content\/uploads\/2021\/01\/fanazul.jpg?resize=768%2C429&amp;ssl=1 768w\" sizes=\"auto, (max-width: 800px) 100vw, 800px\" \/><\/p>\n<p>&nbsp;<\/p>\n<p>Afirm\u00f3 que \u201c<strong>la planta en la que m\u00e1s expectativas tenemos puestas es en la de Azul<\/strong>, ya que es la de mayores objetivos, por eso se inici\u00f3 con ella la gira de recorrida de fin de a\u00f1o\u201d, dijo al referirse a la f\u00e1brica local que cerr\u00f3 en 2018, dejando a m\u00e1s de 200 empleados sin trabajo.<\/p>\n<p>&nbsp;<\/p>\n<blockquote><p>Acerca de la reapertura de Fanazul, Durig\u00f3n sostuvo que \u201clos trabajadores van a ir ingresando en la medida que lo requiera la producci\u00f3n\u201d y adelant\u00f3 que \u201cel objetivo principal para el 2022 es comenzar con m\u00e1s empleados y con eso poder hacerle frente a los dos proyectos principales que se tienen en mente: la reactivaci\u00f3n de la planta de mastermix y nitroglicerina, y la destrucci\u00f3n de chalecos antibalas\u201d.<\/p><\/blockquote>\n<p>&nbsp;<\/p>\n<p>En ese sentido, agreg\u00f3 que <strong>\u201cesperamos que el a\u00f1o que viene se d\u00e9 definitivamente la reapertura de Fanazul\u201d<\/strong>.<\/p>\n<p>&nbsp;<\/p>\n<p>Tuvo en cuenta que \u201csomos una Sociedad del Estado cuyo \u00fanico accionista es el Ministerio de Defensa, raz\u00f3n por la cual<strong> tenemos total dependencia presupuestaria de esa cartera nacional<\/strong>\u201d.<\/p>\n<p>&nbsp;<\/p>\n<p><img data-recalc-dims=\"1\" loading=\"lazy\" decoding=\"async\" class=\"alignnone size-large wp-image-40372\" src=\"https:\/\/i0.wp.com\/cdnoticias.com\/wp-content\/uploads\/2021\/12\/FFoZbX2WYAYUhfo.jpg?resize=800%2C534&#038;ssl=1\" alt=\"\" width=\"800\" height=\"534\" srcset=\"https:\/\/i0.wp.com\/cdnoticias.com\/wp-content\/uploads\/2021\/12\/FFoZbX2WYAYUhfo.jpg?resize=1024%2C683&amp;ssl=1 1024w, https:\/\/i0.wp.com\/cdnoticias.com\/wp-content\/uploads\/2021\/12\/FFoZbX2WYAYUhfo.jpg?resize=300%2C200&amp;ssl=1 300w, https:\/\/i0.wp.com\/cdnoticias.com\/wp-content\/uploads\/2021\/12\/FFoZbX2WYAYUhfo.jpg?resize=768%2C512&amp;ssl=1 768w, https:\/\/i0.wp.com\/cdnoticias.com\/wp-content\/uploads\/2021\/12\/FFoZbX2WYAYUhfo.jpg?resize=272%2C182&amp;ssl=1 272w, https:\/\/i0.wp.com\/cdnoticias.com\/wp-content\/uploads\/2021\/12\/FFoZbX2WYAYUhfo.jpg?w=2048&amp;ssl=1 2048w, https:\/\/i0.wp.com\/cdnoticias.com\/wp-content\/uploads\/2021\/12\/FFoZbX2WYAYUhfo.jpg?w=1600&amp;ssl=1 1600w\" sizes=\"auto, (max-width: 800px) 100vw, 800px\" \/><\/p>\n<p>&nbsp;<\/p>\n<p>Finalmente Durig\u00f3n apunt\u00f3 que<strong> la iniciativa para cultivar Cannabis Medicinal<\/strong> en la planta azule\u00f1a de FM se est\u00e1 demorando en raz\u00f3n de que \u201chay una cuesti\u00f3n legal en el medio que nos obliga a modificar nuestro estatuto de constituci\u00f3n\u201d.<\/p>\n<p>&nbsp;<\/p>\n<p>Cabe mencionar que hace dos semanas, para gestionar e impulsar la reapertura de la empresa,<strong> dirigentes del Frente de Todos de Olavarr\u00eda y Azul<\/strong> <a href=\"https:\/\/cdnoticias.com\/index.php\/2021\/12\/02\/reunion-de-referentes-politicos-regionales-con-el-ministro-taiana-por-fanazul\/\" target=\"_blank\" rel=\"noopener\">se reunieron con el ministro de Defensa de la Naci\u00f3n<\/a>, Jorge Taiana y el propio Durig\u00f3n.<\/p>\n<p>&nbsp;<\/p>\n<p>Fuente: <em>Diario El Tiempo<\/em><\/p>\n","protected":false},"excerpt":{"rendered":"<p>Iv\u00e1n Durig\u00f3n estuvo en la empresa azule\u00f1a para conmemorar los 80 a\u00f1os de la f\u00e1brica. \u201cEsperamos que el a\u00f1o que<\/p>\n","protected":false},"author":4,"featured_media":41223,"comment_status":"closed","ping_status":"closed","sticky":false,"template":"","format":"standard","meta":{"_jetpack_memberships_contains_paid_content":false,"footnotes":""},"categories":[6,1],"tags":[],"class_list":["post-41222","post","type-post","status-publish","format-standard","has-post-thumbnail","hentry","category-nacionales","category-portada"],"jetpack_featured_media_url":"https:\/\/i0.wp.com\/cdnoticias.com\/wp-content\/uploads\/2021\/12\/Diario-El-Tiempo-ivan-durigon-Fanazul.jpeg?fit=948%2C533&ssl=1","jetpack_sharing_enabled":true,"_links":{"self":[{"href":"https:\/\/cdnoticias.com\/index.php\/wp-json\/wp\/v2\/posts\/41222","targetHints":{"allow":["GET"]}}],"collection":[{"href":"https:\/\/cdnoticias.com\/index.php\/wp-json\/wp\/v2\/posts"}],"about":[{"href":"https:\/\/cdnoticias.com\/index.php\/wp-json\/wp\/v2\/types\/post"}],"author":[{"embeddable":true,"href":"https:\/\/cdnoticias.com\/index.php\/wp-json\/wp\/v2\/users\/4"}],"replies":[{"embeddable":true,"href":"https:\/\/cdnoticias.com\/index.php\/wp-json\/wp\/v2\/comments?post=41222"}],"version-history":[{"count":0,"href":"https:\/\/cdnoticias.com\/index.php\/wp-json\/wp\/v2\/posts\/41222\/revisions"}],"wp:featuredmedia":[{"embeddable":true,"href":"https:\/\/cdnoticias.com\/index.php\/wp-json\/wp\/v2\/media\/41223"}],"wp:attachment":[{"href":"https:\/\/cdnoticias.com\/index.php\/wp-json\/wp\/v2\/media?parent=41222"}],"wp:term":[{"taxonomy":"category","embeddable":true,"href":"https:\/\/cdnoticias.com\/index.php\/wp-json\/wp\/v2\/categories?post=41222"},{"taxonomy":"post_tag","embeddable":true,"href":"https:\/\/cdnoticias.com\/index.php\/wp-json\/wp\/v2\/tags?post=41222"}],"curies":[{"name":"wp","href":"https:\/\/api.w.org\/{rel}","templated":true}]}}