{"id":4120,"date":"2020-10-16T18:33:36","date_gmt":"2020-10-16T21:33:36","guid":{"rendered":"http:\/\/www.centraldenoticias.com.ar\/?p=4120"},"modified":"2020-10-16T18:33:36","modified_gmt":"2020-10-16T21:33:36","slug":"feriantes-presentaron-al-municipio-un-protocolo-para-reactivar-el-sector","status":"publish","type":"post","link":"https:\/\/cdnoticias.com\/index.php\/2020\/10\/16\/feriantes-presentaron-al-municipio-un-protocolo-para-reactivar-el-sector\/","title":{"rendered":"Feriantes presentaron al Municipio un protocolo para reactivar el sector"},"content":{"rendered":"<p>&nbsp;<\/p>\n<p>El documento impulsado desde \u201cLa Minga\u201d fue entregado este viernes en el Municipio de Olavarr\u00eda. El objetivo es la reactivaci\u00f3n de las ferias a cielo abierto durante la Fase 4 del ASPO. <!--more--><\/p>\n<hr \/>\n<p>Este viernes la <strong>Asociaci\u00f3n Civil La Minga<\/strong> entreg\u00f3 en el Municipio un protocolo elaborado con el objetivo de reactivar el sector feriante. El documento fue el resultado de un conversatorio en el que <strong>emprendedores, manualistas y artesanos pudieron acordar la redacci\u00f3n de una propuesta de protocolo sanitario.<\/strong><\/p>\n<p>&nbsp;<\/p>\n<p>El resultado del debate fue un protocolo para la vuelta de <strong>ferias a cielo abierto<\/strong> durante la Fase 4 del Aislamiento Social, Preventivo y Obligatorio en la ciudad de Olavarr\u00eda.<\/p>\n<p>&nbsp;<\/p>\n<p>Seg\u00fan se inform\u00f3, los requisitos a cumplir ser\u00edan los siguientes: respecto a las o los feriantes se\u00f1alaron que d<strong>eber\u00e1n evitar concurrir al espacio ferial quienes:<\/strong><\/p>\n<p>&nbsp;<\/p>\n<ul>\n<li>Presentan s\u00edntomas compatibles con COVID-19 (fiebre, tos, dolor de garganta, dificultad respiratoria, disgeusia, anosmia).<\/li>\n<\/ul>\n<p>&nbsp;<\/p>\n<ul>\n<li>Quien deba cumplir aislamiento domiciliario controlado (casos confirmados de COVID-19, procedentes del exterior o de zonas de \u201cTransmisi\u00f3n Comunitaria\u201d definidas por las autoridades nacionales o de \u201cBrote Epid\u00e9mico Activo\u201d, en este \u00faltimo caso, declaradas por el Sistema Integrado de Salud P\u00fablica Ente Descentralizado) y estuvo en contacto estrecho con alguien enfermo con COVID19 dentro de los \u00faltimos 14 d\u00edas.<\/li>\n<\/ul>\n<p>&nbsp;<\/p>\n<ul>\n<li>Personas de riesgo por enfermedades preexistentes.<\/li>\n<\/ul>\n<p>&nbsp;<\/p>\n<p>Durante toda la jornada se deber\u00e1 <strong>sostener un distanciamiento f\u00edsico de 2 metros<\/strong> entre compa\u00f1eros de trabajo y entre clientes.<\/p>\n<p>&nbsp;<\/p>\n<p><strong>Se habilitar\u00e1n puesto por medio en una misma fila<\/strong>, con una distancia de dos metros. Los puestos deber\u00e1n cubrir los laterales.<\/p>\n<p>&nbsp;<\/p>\n<p>Cada puesto deber\u00e1 tener a la vista <strong>alcohol en gel o alcohol al 70%.<\/strong><\/p>\n<p>&nbsp;<\/p>\n<p>Se permitir\u00e1 solo <strong>un vendedor por puesto.<\/strong><\/p>\n<p>&nbsp;<\/p>\n<p><img data-recalc-dims=\"1\" loading=\"lazy\" decoding=\"async\" class=\"alignnone size-full wp-image-4122\" src=\"https:\/\/i0.wp.com\/cdnoticias.com\/wp-content\/uploads\/2020\/10\/feria2.jpg?resize=576%2C520&#038;ssl=1\" alt=\"\" width=\"576\" height=\"520\" srcset=\"https:\/\/i0.wp.com\/cdnoticias.com\/wp-content\/uploads\/2020\/10\/feria2.jpg?w=576&amp;ssl=1 576w, https:\/\/i0.wp.com\/cdnoticias.com\/wp-content\/uploads\/2020\/10\/feria2.jpg?resize=300%2C271&amp;ssl=1 300w\" sizes=\"auto, (max-width: 576px) 100vw, 576px\" \/><\/p>\n<p>&nbsp;<\/p>\n<p>Ser\u00e1 obligatorio el uso de <strong>barbijo social\/tapabocas o m\u00e1scara facial.<\/strong><\/p>\n<p>&nbsp;<\/p>\n<p>El\/la feriante deber\u00e1 completar una <strong>declaraci\u00f3n jurada.<\/strong><\/p>\n<p>&nbsp;<\/p>\n<p><strong>Higiene de manos:<\/strong> se recomienda que todos los feriantes se higienicen las manos frecuentemente, con alcohol en gel o agua y jab\u00f3n.<\/p>\n<p>&nbsp;<\/p>\n<p>Se recomienda toser o estornudar sobre el pliegue del codo, o utilizar pa\u00f1uelos descartables, los que se desechar\u00e1n inmediatamente luego de su uso. Seguido de higiene de manos.<\/p>\n<p>&nbsp;<\/p>\n<p>La <strong>limpieza y desinfecci\u00f3n<\/strong> del puesto se realizar\u00e1 de forma frecuente, utilizando alcohol al 70%.<\/p>\n<p>&nbsp;<\/p>\n<p>Se recomienda evitar todo tipo de saludo que implique <strong>contacto f\u00edsico.<\/strong><\/p>\n<p>&nbsp;<\/p>\n<p>No compartir mate ni ning\u00fan elemento que permita un posible contagio.<\/p>\n<p>&nbsp;<\/p>\n<p>Se informar\u00e1 a cada feriante sobre dicho protocolo.<\/p>\n<p>&nbsp;<\/p>\n<p>Para poder llevar adelante esta propuesta es indispensable el compromiso y la responsabilidad individual de cada feriante de cumplir con el presente Protocolo.<\/p>\n<p>&nbsp;<\/p>\n<p><strong>Con respecto a los clientes:<\/strong><\/p>\n<p>&nbsp;<\/p>\n<p>Las personas deber\u00e1n mantener entre ellas una <strong>distancia m\u00ednima de dos metros.<\/strong> Se se\u00f1alizar\u00e1 el suelo.<\/p>\n<p>&nbsp;<\/p>\n<p>Los clientes deber\u00e1n usar<strong> tapabocas<\/strong> como requisito para circular por la Feria.<\/p>\n<p>&nbsp;<\/p>\n<p>Se recomienda toser o estornudar sobre el pliegue del codo, o utilizar pa\u00f1uelos descartables, los que se desechar\u00e1n luego de su \u00fanico uso. Inmediatamente, realizar\u00e1n higiene de manos con agua y jab\u00f3n o alcohol en gel.<\/p>\n<p>&nbsp;<\/p>\n<p>Para poder llevar adelante esta propuesta es indispensable el compromiso y la responsabilidad individual de cada cliente de cumplir con el presente Protocolo.<\/p>\n<p>&nbsp;<\/p>\n<p><em>Fotos de archivo de La Minga.<\/em><\/p>\n","protected":false},"excerpt":{"rendered":"<p>&nbsp; El documento impulsado desde \u201cLa Minga\u201d fue entregado este viernes en el Municipio de Olavarr\u00eda. El objetivo es la<\/p>\n","protected":false},"author":5,"featured_media":4121,"comment_status":"closed","ping_status":"closed","sticky":false,"template":"","format":"standard","meta":{"_jetpack_memberships_contains_paid_content":false,"footnotes":""},"categories":[5,1],"tags":[],"class_list":["post-4120","post","type-post","status-publish","format-standard","has-post-thumbnail","hentry","category-informacion-general","category-portada"],"jetpack_featured_media_url":"https:\/\/i0.wp.com\/cdnoticias.com\/wp-content\/uploads\/2020\/10\/feria1.jpg?fit=576%2C408&ssl=1","jetpack_sharing_enabled":true,"_links":{"self":[{"href":"https:\/\/cdnoticias.com\/index.php\/wp-json\/wp\/v2\/posts\/4120","targetHints":{"allow":["GET"]}}],"collection":[{"href":"https:\/\/cdnoticias.com\/index.php\/wp-json\/wp\/v2\/posts"}],"about":[{"href":"https:\/\/cdnoticias.com\/index.php\/wp-json\/wp\/v2\/types\/post"}],"author":[{"embeddable":true,"href":"https:\/\/cdnoticias.com\/index.php\/wp-json\/wp\/v2\/users\/5"}],"replies":[{"embeddable":true,"href":"https:\/\/cdnoticias.com\/index.php\/wp-json\/wp\/v2\/comments?post=4120"}],"version-history":[{"count":0,"href":"https:\/\/cdnoticias.com\/index.php\/wp-json\/wp\/v2\/posts\/4120\/revisions"}],"wp:featuredmedia":[{"embeddable":true,"href":"https:\/\/cdnoticias.com\/index.php\/wp-json\/wp\/v2\/media\/4121"}],"wp:attachment":[{"href":"https:\/\/cdnoticias.com\/index.php\/wp-json\/wp\/v2\/media?parent=4120"}],"wp:term":[{"taxonomy":"category","embeddable":true,"href":"https:\/\/cdnoticias.com\/index.php\/wp-json\/wp\/v2\/categories?post=4120"},{"taxonomy":"post_tag","embeddable":true,"href":"https:\/\/cdnoticias.com\/index.php\/wp-json\/wp\/v2\/tags?post=4120"}],"curies":[{"name":"wp","href":"https:\/\/api.w.org\/{rel}","templated":true}]}}