{"id":41150,"date":"2021-12-11T15:07:45","date_gmt":"2021-12-11T18:07:45","guid":{"rendered":"http:\/\/www.centraldenoticias.com.ar\/?p=41150"},"modified":"2021-12-11T15:07:45","modified_gmt":"2021-12-11T18:07:45","slug":"encuentro-con-los-integrantes-del-cuerpo-de-delegados-de-coopelectric","status":"publish","type":"post","link":"https:\/\/cdnoticias.com\/index.php\/2021\/12\/11\/encuentro-con-los-integrantes-del-cuerpo-de-delegados-de-coopelectric\/","title":{"rendered":"Encuentro con los integrantes del cuerpo de delegados de Coopelectric"},"content":{"rendered":"<p>El mensaje del presidente de Consejo de Administraci\u00f3n, la importancia de la tarea del delegado y las consultas t\u00e9cnicas y administrativas.<!--more--><\/p>\n<hr \/>\n<p><strong>Los integrantes del Cuerpo de Delegados mantuvieron un encuentro con las autoridades de la Asamblea de Coopelectric, con el Consejo de Administraci\u00f3n y las gerencias<\/strong> de los diferentes servicios que presta la Cooperativa. El mismo tuvo lugar en las instalaciones de la Sociedad de Fomento Mariano Moreno y fue encabezado por el<em> presidente del Cuerpo de Delegados Ignacio Pagano, el vicepresidente Jos\u00e9 Luis Veyrand y las secretarias Vanesa Andreis y Mar\u00eda Celia Larraburu.<\/em><\/p>\n<p>&nbsp;<\/p>\n<p>En primer lugar, Ignacio Pagano dio la bienvenida y luego invit\u00f3 a tomar la palabra al <strong>presidente del Consejo de Administraci\u00f3n de Coopelectric Dr. Cruz Arouxet.<\/strong><\/p>\n<p>&nbsp;<\/p>\n<blockquote><p>\u201cLa Cooperativa tiene un capital humano muy importante trabajando, un capital humano muy importante conduciendo, pero tambi\u00e9n es muy importante el capital humano encargado de representar a los asociados y de transmitir sus necesidades ante la instituci\u00f3n\u201d afirm\u00f3 Arouxet y a continuaci\u00f3n agreg\u00f3 \u201cla finalidad de estos encuentros es estar cerca, profundizar nuestro v\u00ednculo, dialogar, evacuar consultas e inquietudes, que se sientan parte de esta Cooperativa que nos pertenece a todos, que cada vez es m\u00e1s grande y representa a mayor cantidad de vecinos\u201d.<\/p><\/blockquote>\n<p>&nbsp;<\/p>\n<p>Al mismo tiempo <strong>se refiri\u00f3 a la funci\u00f3n del delegado<\/strong> en tanto representante de los asociados del Partido de Olavarr\u00eda, \u201cla tarea del delegado consiste en <strong>transmitir informaci\u00f3n, dialogar permanentemente con los vecinos<\/strong>, que pueda satisfacer las necesidades de los asociados y tambi\u00e9n defender los derechos de la Cooperativa\u201d. En tal sentido los invit\u00f3 a que visiten la Cooperativa y los incentiv\u00f3 para que \u201cse sientan parte y a trav\u00e9s de la articulaci\u00f3n con las autoridades de la Asamblea tengamos <strong>un acercamiento constante y coordinemos reuniones en los barrios o en las entidades intermedias<\/strong> de las que participe el Consejo de Administraci\u00f3n para charlar con la gente y dar explicaciones\u201d.<\/p>\n<p>&nbsp;<\/p>\n<p><img data-recalc-dims=\"1\" loading=\"lazy\" decoding=\"async\" class=\"size-large wp-image-41151 aligncenter\" src=\"https:\/\/i0.wp.com\/cdnoticias.com\/wp-content\/uploads\/2021\/12\/Encuentro-con-Delegados-02.jpeg?resize=800%2C600&#038;ssl=1\" alt=\"\" width=\"800\" height=\"600\" srcset=\"https:\/\/i0.wp.com\/cdnoticias.com\/wp-content\/uploads\/2021\/12\/Encuentro-con-Delegados-02.jpeg?resize=1024%2C768&amp;ssl=1 1024w, https:\/\/i0.wp.com\/cdnoticias.com\/wp-content\/uploads\/2021\/12\/Encuentro-con-Delegados-02.jpeg?resize=300%2C225&amp;ssl=1 300w, https:\/\/i0.wp.com\/cdnoticias.com\/wp-content\/uploads\/2021\/12\/Encuentro-con-Delegados-02.jpeg?resize=768%2C576&amp;ssl=1 768w, https:\/\/i0.wp.com\/cdnoticias.com\/wp-content\/uploads\/2021\/12\/Encuentro-con-Delegados-02.jpeg?w=1032&amp;ssl=1 1032w\" sizes=\"auto, (max-width: 800px) 100vw, 800px\" \/><\/p>\n<p>&nbsp;<\/p>\n<p>Posteriormente se invit\u00f3 a <strong>Mario Cura, uno de los fundadores de la Lista Amarilla<\/strong>, para referirse a la historia de la Cooperativa y a las principales gestiones llevadas a cabo desde la conducci\u00f3n de la Lista Amarilla para <em>potenciar, modernizar e impulsar la transformaci\u00f3n<\/em> de una distribuidora el\u00e9ctrica en una entidad multiservicios que brinda mayores prestaciones y beneficios a sus asociados.<\/p>\n<p>&nbsp;<\/p>\n<p>Luego los delegados realizaron<strong> consultas de \u00edndole t\u00e9cnico y administrativo<\/strong> que fueron respondidas por los responsables de cada \u00e1rea y por los integrantes del Consejo de Administraci\u00f3n.<\/p>\n<p>&nbsp;<\/p>\n<p>Uno de los temas que despert\u00f3 mayor inter\u00e9s fue el <strong>servicio de Alumbrado P\u00fablico<\/strong> que pertenece al Municipio, por lo que el<em> gerente de Distribuci\u00f3n de Energ\u00eda El\u00e9ctrica Claudio N\u00e1poli<\/em> brind\u00f3 informaci\u00f3n sobre la operaci\u00f3n y el mantenimiento que se encuentra a cargo de Coopelectric, a la reparaci\u00f3n de luminarias y a la importancia de formalizar los reclamos t\u00e9cnicos a trav\u00e9s de las v\u00edas de comunicaci\u00f3n habilitadas para posibilitar su trazabilidad mediante el n\u00famero de reclamo otorgado.<\/p>\n<p>&nbsp;<\/p>\n<p><img data-recalc-dims=\"1\" loading=\"lazy\" decoding=\"async\" class=\"size-large wp-image-41153 aligncenter\" src=\"https:\/\/i0.wp.com\/cdnoticias.com\/wp-content\/uploads\/2021\/12\/Encuentro-con-Delegados-03.jpeg?resize=800%2C600&#038;ssl=1\" alt=\"\" width=\"800\" height=\"600\" srcset=\"https:\/\/i0.wp.com\/cdnoticias.com\/wp-content\/uploads\/2021\/12\/Encuentro-con-Delegados-03.jpeg?resize=1024%2C768&amp;ssl=1 1024w, https:\/\/i0.wp.com\/cdnoticias.com\/wp-content\/uploads\/2021\/12\/Encuentro-con-Delegados-03.jpeg?resize=300%2C225&amp;ssl=1 300w, https:\/\/i0.wp.com\/cdnoticias.com\/wp-content\/uploads\/2021\/12\/Encuentro-con-Delegados-03.jpeg?resize=768%2C576&amp;ssl=1 768w, https:\/\/i0.wp.com\/cdnoticias.com\/wp-content\/uploads\/2021\/12\/Encuentro-con-Delegados-03.jpeg?w=1032&amp;ssl=1 1032w\" sizes=\"auto, (max-width: 800px) 100vw, 800px\" \/><\/p>\n<p>&nbsp;<\/p>\n<p>Los delegados consultaron adem\u00e1s sobre la<strong> expansi\u00f3n del alumbrado p\u00fablico<\/strong> y ante ello N\u00e1poli explic\u00f3 que algunas obras son financiadas por el Municipio y al mismo tiempo destac\u00f3 la posibilidad de que los vecinos asuman el costo colectivamente para colocar nuevas luminarias, previo estudio de factibilidad y realizaci\u00f3n del tr\u00e1mite pertinente en la sede administrativa de Coopelectric. \u201cEn este caso, el costo de la luminaria se divide por la totalidad de los vecinos que adhieran de forma voluntaria a la iniciativa, y la Cooperativa les ofrece un plan de pago de hasta 10 cuotas a trav\u00e9s de las facturas de electricidad\u201d.<\/p>\n<p>&nbsp;<\/p>\n<p>Otro de los temas salientes del encuentro fueron<strong> las obras propias del Servicio El\u00e9ctrico<\/strong>, la forma de proceder para que el usuario pueda solicitar el <em>corrimiento de l\u00edneas, las interrupciones programadas del Servicio El\u00e9ctrico<\/em> para llevar adelante tareas de mantenimiento que mejoran la calidad del servicio; <em>las caracter\u00edsticas del Servicio Sanitario, los Servicios Sociales<\/em> que contemplan el velatorio, la inhumaci\u00f3n y\/o cremaci\u00f3n y son gestionados a trav\u00e9s de Pinos de Paz. En ese \u00faltimo punto se brind\u00f3 informaci\u00f3n sobre las refacciones llevadas a cabo durante los \u00faltimos meses en las distintas salas de Olavarr\u00eda y las localidades.<\/p>\n<p>&nbsp;<\/p>\n<p>El encuentro result\u00f3 sumamente enriquecedor y culmin\u00f3 con el <strong>an\u00e1lisis de diferentes propuestas para optimizar y profundizar la comunicaci\u00f3n<\/strong> entre los 127 delegados y la Cooperativa, y al mismo tiempo de la Cooperativa con la comunidad en pos de difundir datos sobre el acontecer diario de cada servicio y promover los principios y valores del movimiento cooperativo.<\/p>\n","protected":false},"excerpt":{"rendered":"<p>El mensaje del presidente de Consejo de Administraci\u00f3n, la importancia de la tarea del delegado y las consultas t\u00e9cnicas y<\/p>\n","protected":false},"author":4,"featured_media":41152,"comment_status":"closed","ping_status":"closed","sticky":false,"template":"","format":"standard","meta":{"_jetpack_memberships_contains_paid_content":false,"footnotes":""},"categories":[5,1],"tags":[],"class_list":["post-41150","post","type-post","status-publish","format-standard","has-post-thumbnail","hentry","category-informacion-general","category-portada"],"jetpack_featured_media_url":"https:\/\/i0.wp.com\/cdnoticias.com\/wp-content\/uploads\/2021\/12\/Encuentro-con-Delegados-01.jpeg?fit=1032%2C774&ssl=1","jetpack_sharing_enabled":true,"_links":{"self":[{"href":"https:\/\/cdnoticias.com\/index.php\/wp-json\/wp\/v2\/posts\/41150","targetHints":{"allow":["GET"]}}],"collection":[{"href":"https:\/\/cdnoticias.com\/index.php\/wp-json\/wp\/v2\/posts"}],"about":[{"href":"https:\/\/cdnoticias.com\/index.php\/wp-json\/wp\/v2\/types\/post"}],"author":[{"embeddable":true,"href":"https:\/\/cdnoticias.com\/index.php\/wp-json\/wp\/v2\/users\/4"}],"replies":[{"embeddable":true,"href":"https:\/\/cdnoticias.com\/index.php\/wp-json\/wp\/v2\/comments?post=41150"}],"version-history":[{"count":0,"href":"https:\/\/cdnoticias.com\/index.php\/wp-json\/wp\/v2\/posts\/41150\/revisions"}],"wp:featuredmedia":[{"embeddable":true,"href":"https:\/\/cdnoticias.com\/index.php\/wp-json\/wp\/v2\/media\/41152"}],"wp:attachment":[{"href":"https:\/\/cdnoticias.com\/index.php\/wp-json\/wp\/v2\/media?parent=41150"}],"wp:term":[{"taxonomy":"category","embeddable":true,"href":"https:\/\/cdnoticias.com\/index.php\/wp-json\/wp\/v2\/categories?post=41150"},{"taxonomy":"post_tag","embeddable":true,"href":"https:\/\/cdnoticias.com\/index.php\/wp-json\/wp\/v2\/tags?post=41150"}],"curies":[{"name":"wp","href":"https:\/\/api.w.org\/{rel}","templated":true}]}}