{"id":41141,"date":"2021-12-11T12:39:24","date_gmt":"2021-12-11T15:39:24","guid":{"rendered":"http:\/\/www.centraldenoticias.com.ar\/?p=41141"},"modified":"2021-12-12T03:03:32","modified_gmt":"2021-12-12T06:03:32","slug":"reeleccion-de-intendentes-galli-en-una-reunion-con-la-dirigencia-del-pro","status":"publish","type":"post","link":"https:\/\/cdnoticias.com\/index.php\/2021\/12\/11\/reeleccion-de-intendentes-galli-en-una-reunion-con-la-dirigencia-del-pro\/","title":{"rendered":"Reelecci\u00f3n de intendentes: Galli, en una reuni\u00f3n con la dirigencia del Pro"},"content":{"rendered":"<p>Tensi\u00f3n interna. Los dirigentes nacionales del partido se mostraron en contra del cambio en la legislaci\u00f3n. Los jefes comunales hicieron saber su malestar.<!--more--><\/p>\n<hr \/>\n<p><strong>La dirigencia nacional del PRO rechaz\u00f3 las reelecciones indefinidas y con eso creci\u00f3 el malestar de los intendentes bonaerenses<\/strong>.<\/p>\n<p>&nbsp;<\/p>\n<p>Las novedades surgieron tras <strong>el encuentro de la Mesa Nacional del Pro<\/strong> este viernes por la ma\u00f1ana en las oficinas de Mauricio Macri en Olivos. <strong>All\u00ed estuvo Ezequiel Galli, el jefe comunal de Olavarr\u00eda y uno de los que busca volver a presentarse en 2023<\/strong>.<\/p>\n<p>&nbsp;<\/p>\n<blockquote><p>Las diferencias en el PRO por la ley de reelecci\u00f3n de los intendentes quedaron marcadas y hubo tensi\u00f3n interna: la postura de los dirigentes nacionales es un rechazo, mientras que los jefes comunales marcaron su intenci\u00f3n de abrir el juego en el pr\u00f3ximo periodo electoral.<\/p><\/blockquote>\n<p>&nbsp;<\/p>\n<p><img data-recalc-dims=\"1\" loading=\"lazy\" decoding=\"async\" class=\"aligncenter wp-image-41142 size-full\" src=\"https:\/\/i0.wp.com\/cdnoticias.com\/wp-content\/uploads\/2021\/12\/Pro-mesa-nacional.jpg?resize=600%2C334&#038;ssl=1\" alt=\"\" width=\"600\" height=\"334\" srcset=\"https:\/\/i0.wp.com\/cdnoticias.com\/wp-content\/uploads\/2021\/12\/Pro-mesa-nacional.jpg?w=600&amp;ssl=1 600w, https:\/\/i0.wp.com\/cdnoticias.com\/wp-content\/uploads\/2021\/12\/Pro-mesa-nacional.jpg?resize=300%2C167&amp;ssl=1 300w\" sizes=\"auto, (max-width: 600px) 100vw, 600px\" \/><\/p>\n<p>&nbsp;<\/p>\n<p>\u201cLa reuni\u00f3n fue <strong>el dogmatismo de la conducci\u00f3n nacional versus el pragmatismo de los intendentes<\/strong>\u201d dijo uno de los referentes nacionales del PRO sobre el debate.<\/p>\n<p>&nbsp;<\/p>\n<p><strong>Un grupo de intendentes hab\u00eda solicitado una cumbre<\/strong> con las principales figuras del partido para discutir un cambio en la ley que se sancion\u00f3 en los a\u00f1os de Mar\u00eda Eugenia Vidal como gobernadora y por la cual se permite una sola reelecci\u00f3n de mandatarios municipales bonaerenses.<\/p>\n<p>&nbsp;<\/p>\n<blockquote><p>Estuvieron en el encuentro Patricia Bullrich, presidenta del PRO, el jefe comunal Horacio Rodr\u00edguez Larreta, Cristian Ritondo, jefe del bloque en Diputados, el presidente de la bancada en el Senado, Humberto Schiavoni, Diego Santilli y Mar\u00eda Eugenia Vidal. Por el lado de los intendentes se presentaron Jorge Macri (de licencia en Vicente L\u00f3pez); Diego Valenzuela (Tres de Febrero), Julio Garro (La Plata), N\u00e9stor Grindetti (Lan\u00fas) y tambi\u00e9n Ezequiel Galli.<\/p><\/blockquote>\n<p>&nbsp;<\/p>\n<p><img data-recalc-dims=\"1\" loading=\"lazy\" decoding=\"async\" class=\"size-full wp-image-33597 aligncenter\" src=\"https:\/\/i0.wp.com\/cdnoticias.com\/wp-content\/uploads\/2021\/09\/Juntos-intendentes-santilli-00.jpg?resize=680%2C378&#038;ssl=1\" alt=\"\" width=\"680\" height=\"378\" srcset=\"https:\/\/i0.wp.com\/cdnoticias.com\/wp-content\/uploads\/2021\/09\/Juntos-intendentes-santilli-00.jpg?w=680&amp;ssl=1 680w, https:\/\/i0.wp.com\/cdnoticias.com\/wp-content\/uploads\/2021\/09\/Juntos-intendentes-santilli-00.jpg?resize=300%2C167&amp;ssl=1 300w\" sizes=\"auto, (max-width: 680px) 100vw, 680px\" \/><\/p>\n<p>&nbsp;<\/p>\n<p>Tras la exposici\u00f3n de la postura de rechazo por parte de los dirigentes nacionales, <strong>los intendentes plantearon su desacuerdo y apuntaron a modificar la actual norma porque dejaba \u201cdos agujeros\u201d en su normativa<\/strong>. Se refirieron as\u00ed a la imposibilidad de que su aplicaci\u00f3n fuera retroactiva (fue promulgada en 2017) y que permite que aquellos intendentes que no cumplieron la mitad de su mandato salirse a otro cargo y regresar dos a\u00f1os despu\u00e9s buscando otros ocho a\u00f1os.<\/p>\n<p>&nbsp;<\/p>\n<p>Este segundo aspecto es el que abri\u00f3 la puerta a que, <strong>hasta ahora 22 intendentes comenzaron a abandonar sus municipios<\/strong> para quedar habilitados a presentarse como candidatos en 2023. Este resquicio ha sido mayormente utilizado por el Frente de Todos, pero tambi\u00e9n por alguno de la oposici\u00f3n provincial.<\/p>\n<p>&nbsp;<\/p>\n<p>En ese marco <strong>el propio FdT propuso cambiar la ley<\/strong>: el diputado Walter Abarca present\u00f3 un proyecto de modificaci\u00f3n en la Legislatura. <strong>El massismo ya se opuso y la UCR est\u00e1 a favor.<\/strong><\/p>\n<p>&nbsp;<\/p>\n<p><img data-recalc-dims=\"1\" loading=\"lazy\" decoding=\"async\" class=\"size-large wp-image-31678 aligncenter\" src=\"https:\/\/i0.wp.com\/cdnoticias.com\/wp-content\/uploads\/2021\/09\/santilli3.jpg?resize=800%2C445&#038;ssl=1\" alt=\"\" width=\"800\" height=\"445\" srcset=\"https:\/\/i0.wp.com\/cdnoticias.com\/wp-content\/uploads\/2021\/09\/santilli3.jpg?resize=1024%2C570&amp;ssl=1 1024w, https:\/\/i0.wp.com\/cdnoticias.com\/wp-content\/uploads\/2021\/09\/santilli3.jpg?resize=300%2C167&amp;ssl=1 300w, https:\/\/i0.wp.com\/cdnoticias.com\/wp-content\/uploads\/2021\/09\/santilli3.jpg?resize=768%2C427&amp;ssl=1 768w, https:\/\/i0.wp.com\/cdnoticias.com\/wp-content\/uploads\/2021\/09\/santilli3.jpg?resize=800%2C445&amp;ssl=1 800w, https:\/\/i0.wp.com\/cdnoticias.com\/wp-content\/uploads\/2021\/09\/santilli3.jpg?w=1600&amp;ssl=1 1600w\" sizes=\"auto, (max-width: 800px) 100vw, 800px\" \/><\/p>\n<p>&nbsp;<\/p>\n<p>La postura de los jefes comunales del Pro hab\u00eda sido acordada en un Zoom que se hizo hace quince d\u00edas. Seg\u00fan se adelant\u00f3, tras este encuentro <strong>habr\u00e1 otra reuni\u00f3n virtual de los intendentes y no se descarta una rebeli\u00f3n<\/strong>.<\/p>\n<p>&nbsp;<\/p>\n<blockquote><p>\u201cHay mucha bronca\u201d, admiti\u00f3 un jefe comunal en di\u00e1logo con un medio nacional. \u201cEn el partido hay gente que maneja una estructura nacional y que no tiene nada de empat\u00eda con lo territorial y provincial, que es precisamente lo que te hace ganar o perder una elecci\u00f3n\u201d sostuvo otra fuente que estuvo en el encuentro en un medio digital.<\/p><\/blockquote>\n<p>&nbsp;<\/p>\n<p>Fuentes: <em>Perfil, Infobae, Clar\u00edn<\/em><\/p>\n","protected":false},"excerpt":{"rendered":"<p>Tensi\u00f3n interna. Los dirigentes nacionales del partido se mostraron en contra del cambio en la legislaci\u00f3n. Los jefes comunales hicieron<\/p>\n","protected":false},"author":4,"featured_media":31679,"comment_status":"closed","ping_status":"closed","sticky":false,"template":"","format":"standard","meta":{"_jetpack_memberships_contains_paid_content":false,"footnotes":""},"categories":[4],"tags":[],"class_list":["post-41141","post","type-post","status-publish","format-standard","has-post-thumbnail","hentry","category-politica"],"jetpack_featured_media_url":"https:\/\/i0.wp.com\/cdnoticias.com\/wp-content\/uploads\/2021\/09\/santilli4.jpg?fit=1600%2C890&ssl=1","jetpack_sharing_enabled":true,"_links":{"self":[{"href":"https:\/\/cdnoticias.com\/index.php\/wp-json\/wp\/v2\/posts\/41141","targetHints":{"allow":["GET"]}}],"collection":[{"href":"https:\/\/cdnoticias.com\/index.php\/wp-json\/wp\/v2\/posts"}],"about":[{"href":"https:\/\/cdnoticias.com\/index.php\/wp-json\/wp\/v2\/types\/post"}],"author":[{"embeddable":true,"href":"https:\/\/cdnoticias.com\/index.php\/wp-json\/wp\/v2\/users\/4"}],"replies":[{"embeddable":true,"href":"https:\/\/cdnoticias.com\/index.php\/wp-json\/wp\/v2\/comments?post=41141"}],"version-history":[{"count":0,"href":"https:\/\/cdnoticias.com\/index.php\/wp-json\/wp\/v2\/posts\/41141\/revisions"}],"wp:featuredmedia":[{"embeddable":true,"href":"https:\/\/cdnoticias.com\/index.php\/wp-json\/wp\/v2\/media\/31679"}],"wp:attachment":[{"href":"https:\/\/cdnoticias.com\/index.php\/wp-json\/wp\/v2\/media?parent=41141"}],"wp:term":[{"taxonomy":"category","embeddable":true,"href":"https:\/\/cdnoticias.com\/index.php\/wp-json\/wp\/v2\/categories?post=41141"},{"taxonomy":"post_tag","embeddable":true,"href":"https:\/\/cdnoticias.com\/index.php\/wp-json\/wp\/v2\/tags?post=41141"}],"curies":[{"name":"wp","href":"https:\/\/api.w.org\/{rel}","templated":true}]}}