{"id":41137,"date":"2021-12-11T11:18:34","date_gmt":"2021-12-11T14:18:34","guid":{"rendered":"http:\/\/www.centraldenoticias.com.ar\/?p=41137"},"modified":"2021-12-11T11:41:59","modified_gmt":"2021-12-11T14:41:59","slug":"vacunacion-en-provincia-ya-es-libre-la-primera-y-segunda-dosis-para-mayores-de-3-anos","status":"publish","type":"post","link":"https:\/\/cdnoticias.com\/index.php\/2021\/12\/11\/vacunacion-en-provincia-ya-es-libre-la-primera-y-segunda-dosis-para-mayores-de-3-anos\/","title":{"rendered":"Vacunaci\u00f3n: en Provincia ya es libre la primera y segunda dosis para mayores de 3 a\u00f1os"},"content":{"rendered":"<p>En todos los vacunatorios de la provincia, los y las bonaerenses podr\u00e1n recibir la primera dosis de vacuna contra el coronavirus o completar su esquema sin inscripci\u00f3n previa.<!--more--><\/p>\n<hr \/>\n<p>El gobierno bonaerense anunci\u00f3 que <strong>tanto la primera dosis como la segunda de la vacuna contra el coronavirus ser\u00e1n libres para toda la poblaci\u00f3n a partir de los 3 a\u00f1os<\/strong>, por lo que no habr\u00e1 necesidad de inscribirse ni de esperar el turno. <strong>Solo habr\u00e1 que concurrir al vacunatorio m\u00e1s cercano con el DNI<\/strong>.<\/p>\n<p>&nbsp;<\/p>\n<p><strong>La medida comenz\u00f3 a regir desde este viernes en el \u00e1mbito provincial<\/strong>, tal como<a href=\"https:\/\/cdnoticias.com\/index.php\/2021\/11\/29\/la-provincia-tendra-vacunacion-libre-para-mayores-de-3-anos\/\" target=\"_blank\" rel=\"noopener\"> lo hab\u00edan anunciado el gobernador Axel Kicillof y el ministro de Salud, Nicol\u00e1s Kreplak<\/a>, a fines del mes pasado. <a href=\"https:\/\/cdnoticias.com\/index.php\/2021\/12\/11\/este-viernes-se-aplicaron-mas-de-800-vacunas-contra-el-coronavirus\/\">Lo ratific\u00f3 la Regi\u00f3n Sanitaria IX<\/a>.<\/p>\n<p>&nbsp;<\/p>\n<p>Los chicos y chicas <strong>menores de 13 a\u00f1os<\/strong> deber\u00e1n concurrir con un adulto responsable que firmar\u00e1 un consentimiento.<\/p>\n<p>&nbsp;<\/p>\n<p>En cuanto a la segunda dosis, todas las personas que la requieran deber\u00e1n respetar <strong>el intervalo de tiempo recomendado<\/strong> con la primera aplicaci\u00f3n:<\/p>\n<p>&nbsp;<\/p>\n<ul>\n<li>60 d\u00edas para Astrazeneca\/SputnikV;<\/li>\n<li>21 d\u00edas para Sinopharm;<\/li>\n<li>28 d\u00edas para Pfizer y Moderna.<\/li>\n<\/ul>\n<p>&nbsp;<\/p>\n<p>\u201cLa aparici\u00f3n de nuevas variantes en el mundo nos demuestra que<strong> la pandemia no termin\u00f3<\/strong> y que no podemos relajarnos\u201d, expres\u00f3 un comunicado de la gesti\u00f3n de Axel Kicillof.<\/p>\n<p>&nbsp;<\/p>\n<blockquote><p>\u201cLa evidencia cient\u00edfica nos da la tranquilidad de que la vacuna reduce los contagios, las internaciones y tambi\u00e9n la letalidad\u201d, a\u00f1adi\u00f3, y subray\u00f3: \u201cIniciar y completar los esquemas de vacunaci\u00f3n es la manera m\u00e1s efectiva para ponerle fin a la pandemia y cuidar a las y los que m\u00e1s queremos\u201d.<\/p><\/blockquote>\n<p>&nbsp;<\/p>\n<p>Para ver <strong>cu\u00e1l es el establecimiento m\u00e1s cercano para recibir la vacuna<\/strong>, <a href=\"https:\/\/portal-coronavirus.gba.gob.ar\/vacunatorios-de-la-campana-covid-19?utm_source=emBlue&amp;utm_medium=email&amp;utm_campaign=Aviso%20a%20Vacunados&amp;utm_content=Campania_10122021_A--Primera%20y%20segunda%20dosis%20libre%20para%20todas%20y%20todos&amp;utm_term=multiple--4--none--70-80--ENVIO%20SIMPLE\" target=\"_blank\" rel=\"noopener\">se puede consultar este listado<\/a>.<\/p>\n<p>&nbsp;<\/p>\n<p>Fuente: <em>Agencia DIB<\/em><\/p>\n","protected":false},"excerpt":{"rendered":"<p>En todos los vacunatorios de la provincia, los y las bonaerenses podr\u00e1n recibir la primera dosis de vacuna contra el<\/p>\n","protected":false},"author":4,"featured_media":35937,"comment_status":"closed","ping_status":"closed","sticky":false,"template":"","format":"standard","meta":{"_jetpack_memberships_contains_paid_content":false,"footnotes":""},"categories":[16,1],"tags":[],"class_list":["post-41137","post","type-post","status-publish","format-standard","has-post-thumbnail","hentry","category-covid-19","category-portada"],"jetpack_featured_media_url":"https:\/\/i0.wp.com\/cdnoticias.com\/wp-content\/uploads\/2021\/10\/Salud-Vacunacion.jpg?fit=624%2C454&ssl=1","jetpack_sharing_enabled":true,"_links":{"self":[{"href":"https:\/\/cdnoticias.com\/index.php\/wp-json\/wp\/v2\/posts\/41137","targetHints":{"allow":["GET"]}}],"collection":[{"href":"https:\/\/cdnoticias.com\/index.php\/wp-json\/wp\/v2\/posts"}],"about":[{"href":"https:\/\/cdnoticias.com\/index.php\/wp-json\/wp\/v2\/types\/post"}],"author":[{"embeddable":true,"href":"https:\/\/cdnoticias.com\/index.php\/wp-json\/wp\/v2\/users\/4"}],"replies":[{"embeddable":true,"href":"https:\/\/cdnoticias.com\/index.php\/wp-json\/wp\/v2\/comments?post=41137"}],"version-history":[{"count":0,"href":"https:\/\/cdnoticias.com\/index.php\/wp-json\/wp\/v2\/posts\/41137\/revisions"}],"wp:featuredmedia":[{"embeddable":true,"href":"https:\/\/cdnoticias.com\/index.php\/wp-json\/wp\/v2\/media\/35937"}],"wp:attachment":[{"href":"https:\/\/cdnoticias.com\/index.php\/wp-json\/wp\/v2\/media?parent=41137"}],"wp:term":[{"taxonomy":"category","embeddable":true,"href":"https:\/\/cdnoticias.com\/index.php\/wp-json\/wp\/v2\/categories?post=41137"},{"taxonomy":"post_tag","embeddable":true,"href":"https:\/\/cdnoticias.com\/index.php\/wp-json\/wp\/v2\/tags?post=41137"}],"curies":[{"name":"wp","href":"https:\/\/api.w.org\/{rel}","templated":true}]}}