{"id":41117,"date":"2021-12-11T09:03:06","date_gmt":"2021-12-11T12:03:06","guid":{"rendered":"http:\/\/www.centraldenoticias.com.ar\/?p=41117"},"modified":"2021-12-11T09:35:21","modified_gmt":"2021-12-11T12:35:21","slug":"este-viernes-se-aplicaron-mas-de-800-vacunas-contra-el-coronavirus","status":"publish","type":"post","link":"https:\/\/cdnoticias.com\/index.php\/2021\/12\/11\/este-viernes-se-aplicaron-mas-de-800-vacunas-contra-el-coronavirus\/","title":{"rendered":"Este viernes se aplicaron m\u00e1s de 800 vacunas contra el Coronavirus"},"content":{"rendered":"<p>Ya es libre la segunda dosis para mayores de 3 a\u00f1os. A la par, los testeos realizados desde Regi\u00f3n Sanitaria IX permitieron detectar un nuevo caso de Covid19.<!--more--><\/p>\n<hr \/>\n<p>Desde Regi\u00f3n Sanitaria IX se expres\u00f3 que en la jornada de este viernes <strong>m\u00e1s de 800 olavarrienses recibieron su dosis de vacuna contra el Coronavirus.<\/strong><\/p>\n<p>&nbsp;<\/p>\n<p><strong>De acuerdo con lo que se detall\u00f3 se aplicaron en total 828 dosis<\/strong>. Se precis\u00f3 que en el Servicio Territorial N\u00b02 se aplicaron 376, mientras que en la Facultad de Ciencias de la Salud fueron vacunadas 267 personas. Por \u00faltimo, fueron 185 las personas inoculadas en el Centro Cultural Universitario.<\/p>\n<p>&nbsp;<\/p>\n<p><img data-recalc-dims=\"1\" loading=\"lazy\" decoding=\"async\" class=\"alignnone size-full wp-image-41118\" src=\"https:\/\/i0.wp.com\/cdnoticias.com\/wp-content\/uploads\/2021\/12\/WhatsApp-Image-2021-12-10-at-19.57.22.jpeg?resize=720%2C403&#038;ssl=1\" alt=\"\" width=\"720\" height=\"403\" srcset=\"https:\/\/i0.wp.com\/cdnoticias.com\/wp-content\/uploads\/2021\/12\/WhatsApp-Image-2021-12-10-at-19.57.22.jpeg?w=720&amp;ssl=1 720w, https:\/\/i0.wp.com\/cdnoticias.com\/wp-content\/uploads\/2021\/12\/WhatsApp-Image-2021-12-10-at-19.57.22.jpeg?resize=300%2C168&amp;ssl=1 300w\" sizes=\"auto, (max-width: 720px) 100vw, 720px\" \/><\/p>\n<p>&nbsp;<\/p>\n<p>Por otra parte, se agreg\u00f3 que<strong> desde este viernes se ampli\u00f3\u00a0 la vacunaci\u00f3n libre de segundas dosis para los mayores de tres a\u00f1os<\/strong>, que al igual que las primeras dosis los menores deber\u00e1n acreditar domicilio en la localidad present\u00e1ndose con su DNI en cualquiera de las postas de vacunaci\u00f3n (como toda segunda dosis libre, se debe cumplir el plazo estipulado entre vacunas).<\/p>\n<p>&nbsp;<\/p>\n<p>Asimismo, se revel\u00f3 que en cuanto a las actividades preventivas que se realizan en el Centro Provincial de Testeos que funciona en las instalaciones del Club El Fort\u00edn (Urquiza 2980), de lunes a viernes de 8 a 12 hs, <strong>este viernes se realizaron 20 hisopados a personas que se presentaron de manera espont\u00e1nea, de los cuales 1 result\u00f3 positivo.<\/strong><\/p>\n<p>&nbsp;<\/p>\n<p><strong>Por \u00faltimo, se record\u00f3 que ante cualquier duda o consulta, podr\u00e1n acercarse a cualquiera de las tres postas<\/strong>: Servicio Territorial N\u00b02, Av. Alberdi 2543, de 8 a 18 hs; Facultad de Ciencias de la Salud, Merlo entre Av. Pringles y 9 de julio, de 8 a 18 hs, y en el Centro Cultural Universitario, San Martin 1955, de 8 a 18 hs.<\/p>\n","protected":false},"excerpt":{"rendered":"<p>Ya es libre la segunda dosis para mayores de 3 a\u00f1os. A la par, los testeos realizados desde Regi\u00f3n Sanitaria<\/p>\n","protected":false},"author":3,"featured_media":33776,"comment_status":"closed","ping_status":"closed","sticky":false,"template":"","format":"standard","meta":{"_jetpack_memberships_contains_paid_content":false,"footnotes":""},"categories":[16,1],"tags":[],"class_list":["post-41117","post","type-post","status-publish","format-standard","has-post-thumbnail","hentry","category-covid-19","category-portada"],"jetpack_featured_media_url":"https:\/\/i0.wp.com\/cdnoticias.com\/wp-content\/uploads\/2021\/09\/vacunacion-covid-03.jpg?fit=1280%2C712&ssl=1","jetpack_sharing_enabled":true,"_links":{"self":[{"href":"https:\/\/cdnoticias.com\/index.php\/wp-json\/wp\/v2\/posts\/41117","targetHints":{"allow":["GET"]}}],"collection":[{"href":"https:\/\/cdnoticias.com\/index.php\/wp-json\/wp\/v2\/posts"}],"about":[{"href":"https:\/\/cdnoticias.com\/index.php\/wp-json\/wp\/v2\/types\/post"}],"author":[{"embeddable":true,"href":"https:\/\/cdnoticias.com\/index.php\/wp-json\/wp\/v2\/users\/3"}],"replies":[{"embeddable":true,"href":"https:\/\/cdnoticias.com\/index.php\/wp-json\/wp\/v2\/comments?post=41117"}],"version-history":[{"count":0,"href":"https:\/\/cdnoticias.com\/index.php\/wp-json\/wp\/v2\/posts\/41117\/revisions"}],"wp:featuredmedia":[{"embeddable":true,"href":"https:\/\/cdnoticias.com\/index.php\/wp-json\/wp\/v2\/media\/33776"}],"wp:attachment":[{"href":"https:\/\/cdnoticias.com\/index.php\/wp-json\/wp\/v2\/media?parent=41117"}],"wp:term":[{"taxonomy":"category","embeddable":true,"href":"https:\/\/cdnoticias.com\/index.php\/wp-json\/wp\/v2\/categories?post=41117"},{"taxonomy":"post_tag","embeddable":true,"href":"https:\/\/cdnoticias.com\/index.php\/wp-json\/wp\/v2\/tags?post=41117"}],"curies":[{"name":"wp","href":"https:\/\/api.w.org\/{rel}","templated":true}]}}