{"id":4111,"date":"2020-10-16T17:07:27","date_gmt":"2020-10-16T20:07:27","guid":{"rendered":"http:\/\/www.centraldenoticias.com.ar\/?p=4111"},"modified":"2020-10-16T17:07:27","modified_gmt":"2020-10-16T20:07:27","slug":"en-azul-fallecio-otro-paciente-con-covid19","status":"publish","type":"post","link":"https:\/\/cdnoticias.com\/index.php\/2020\/10\/16\/en-azul-fallecio-otro-paciente-con-covid19\/","title":{"rendered":"En Azul falleci\u00f3 otro paciente con Covid19"},"content":{"rendered":"<p>La novedad fue comunicada en el parte oficial de este viernes. Ten\u00eda 76 a\u00f1os y ya son m\u00e1s de 30 las muertes en el distrito vecino.<\/p>\n<p><!--more--><\/p>\n<hr \/>\n<p><strong>En las \u00faltimas 24 horas Azul sum\u00f3 34 nuevos casos positivos, que elevaron a 275 el n\u00famero de pacientes activos de coronavirus<\/strong>, tal cual se expres\u00f3 en el parte oficial emitido al cierre de la ma\u00f1ana.<\/p>\n<p>&nbsp;<\/p>\n<p>Seg\u00fan se precis\u00f3, 31 de esos casos se dieron en la ciudad cabecera mientras que los restantes se registraron en Chillar. Se trata de una tendencia similar a la que puede verse cuando se analizan las cifras totales, ya que <strong>de los 275 pacientes activos, 249 son de Azul, 25 de Chillar y el restante en Cachar\u00ed.<\/strong><\/p>\n<p>&nbsp;<\/p>\n<p>Lamentablemente, adem\u00e1s de esas cifras, lo m\u00e1s relevante en esa comunicaci\u00f3n fue la confirmaci\u00f3n de <strong>otra muerte de un paciente con Covid19. Se trat\u00f3 de un hombre de 76 a\u00f1os que se encontraba internado en el Hospital Pintos.<\/strong><\/p>\n<p>&nbsp;<\/p>\n<p>Vale destacar, por \u00faltimo, que <strong>Azul registra ya 31 fallecimientos desde el inicio de la pandemia, siendo luego de Olavarr\u00eda el distrito con m\u00e1s muertes de personas que dieron positivo de Covid19.<\/strong><\/p>\n<p>&nbsp;<\/p>\n<p>&nbsp;<\/p>\n<p>&nbsp;<\/p>\n","protected":false},"excerpt":{"rendered":"<p>La novedad fue comunicada en el parte oficial de este viernes. Ten\u00eda 76 a\u00f1os y ya son m\u00e1s de 30<\/p>\n","protected":false},"author":3,"featured_media":2505,"comment_status":"closed","ping_status":"closed","sticky":false,"template":"","format":"standard","meta":{"_jetpack_memberships_contains_paid_content":false,"footnotes":""},"categories":[6,1],"tags":[],"class_list":["post-4111","post","type-post","status-publish","format-standard","has-post-thumbnail","hentry","category-nacionales","category-portada"],"jetpack_featured_media_url":"https:\/\/i0.wp.com\/cdnoticias.com\/wp-content\/uploads\/2020\/09\/hospital-azul.jpeg?fit=948%2C533&ssl=1","jetpack_sharing_enabled":true,"_links":{"self":[{"href":"https:\/\/cdnoticias.com\/index.php\/wp-json\/wp\/v2\/posts\/4111","targetHints":{"allow":["GET"]}}],"collection":[{"href":"https:\/\/cdnoticias.com\/index.php\/wp-json\/wp\/v2\/posts"}],"about":[{"href":"https:\/\/cdnoticias.com\/index.php\/wp-json\/wp\/v2\/types\/post"}],"author":[{"embeddable":true,"href":"https:\/\/cdnoticias.com\/index.php\/wp-json\/wp\/v2\/users\/3"}],"replies":[{"embeddable":true,"href":"https:\/\/cdnoticias.com\/index.php\/wp-json\/wp\/v2\/comments?post=4111"}],"version-history":[{"count":0,"href":"https:\/\/cdnoticias.com\/index.php\/wp-json\/wp\/v2\/posts\/4111\/revisions"}],"wp:featuredmedia":[{"embeddable":true,"href":"https:\/\/cdnoticias.com\/index.php\/wp-json\/wp\/v2\/media\/2505"}],"wp:attachment":[{"href":"https:\/\/cdnoticias.com\/index.php\/wp-json\/wp\/v2\/media?parent=4111"}],"wp:term":[{"taxonomy":"category","embeddable":true,"href":"https:\/\/cdnoticias.com\/index.php\/wp-json\/wp\/v2\/categories?post=4111"},{"taxonomy":"post_tag","embeddable":true,"href":"https:\/\/cdnoticias.com\/index.php\/wp-json\/wp\/v2\/tags?post=4111"}],"curies":[{"name":"wp","href":"https:\/\/api.w.org\/{rel}","templated":true}]}}