{"id":41085,"date":"2021-12-10T16:42:38","date_gmt":"2021-12-10T19:42:38","guid":{"rendered":"http:\/\/www.centraldenoticias.com.ar\/?p=41085"},"modified":"2021-12-10T19:16:06","modified_gmt":"2021-12-10T22:16:06","slug":"seguira-detenido-el-adolescente-acusado-de-apunalar-a-un-joven-que-auxilio-a-una-mujer-tras-un-robo","status":"publish","type":"post","link":"https:\/\/cdnoticias.com\/index.php\/2021\/12\/10\/seguira-detenido-el-adolescente-acusado-de-apunalar-a-un-joven-que-auxilio-a-una-mujer-tras-un-robo\/","title":{"rendered":"Seguir\u00e1 detenido el adolescente acusado de apu\u00f1alar a un joven que auxili\u00f3 a una mujer tras un robo"},"content":{"rendered":"<p>El otro implicado, al que solo se le imputa el arrebato, accedi\u00f3 a una morigeraci\u00f3n y volvi\u00f3 a su casa. <strong>Los detalles<\/strong>.<!--more--><\/p>\n<hr \/>\n<p>Uno de los dos acusados por el <a href=\"https:\/\/cdnoticias.com\/index.php\/2021\/12\/07\/un-joven-auxilio-a-una-mujer-tras-un-robo-y-fue-apunalado\/\" target=\"_blank\" rel=\"noopener\">grave episodio ocurrido d\u00edas atr\u00e1s en el barrio Sarmiento<\/a> <strong>seguir\u00e1 alojado en el instituto Leopoldo Lugones de Azul<\/strong>. Ese fue el principal saldo de la jornada de este viernes, en la cual se llev\u00f3 a cabo la audiencia en t\u00e9rminos del art\u00edculo 43 de la Ley 13634, la marca c\u00f3mo debe ser el procedimiento cuando el acusado, o acusados en este caso, se le reprocha penalmente un delito grave.<\/p>\n<p>&nbsp;<\/p>\n<p>De acuerdo con lo que se logr\u00f3 conocer, una magistrada tandilense, quien subrog\u00f3 al juez de Garant\u00edas del Joven Javier Barda, resolvi\u00f3 aplicar la <strong>prisi\u00f3n preventiva del <a href=\"https:\/\/cdnoticias.com\/index.php\/2021\/12\/07\/capturaron-al-segundo-acusado-de-robarle-a-una-mujer-y-apunalar-a-un-joven\/\" target=\"_blank\" rel=\"noopener\">adolescente de 16 a\u00f1os<\/a><\/strong> que se encuentra<strong> acusado no s\u00f3lo del arrebato de la cartera a una mujer que espera el colectivo sobre Jun\u00edn casi Sarmiento, sino adem\u00e1s de apu\u00f1alar a un joven de 27 a\u00f1os que quiso interceptarlos<\/strong>.<\/p>\n<p>&nbsp;<\/p>\n<p><img data-recalc-dims=\"1\" loading=\"lazy\" decoding=\"async\" class=\"alignnone size-full wp-image-12885\" src=\"https:\/\/i0.wp.com\/cdnoticias.com\/wp-content\/uploads\/2021\/02\/tribunales.jpg?resize=791%2C541&#038;ssl=1\" alt=\"\" width=\"791\" height=\"541\" \/><\/p>\n<p>&nbsp;<\/p>\n<p>Vale destacar que<strong> la medida tiene una validez de 180 d\u00edas, plazo en el cual debe desarrollarse el juicio en el que resolver\u00e1 la causa en su contra<\/strong>. Asimismo, vale dar cuenta que la medida puede ser revisada a los 3 meses.<\/p>\n<p>&nbsp;<\/p>\n<p>Distinta fue la suerte del otro acusado, tambi\u00e9n de 16 a\u00f1os, ya que prosperaron los planteos de su defensor particular, el doctor C\u00e9sar Garc\u00eda, quien pidi\u00f3 recaratule la imputaci\u00f3n en su contra y se disponga <strong>una morigeraci\u00f3n que le permita volver a su domicilio, donde deber\u00e1 ce\u00f1irse a diversas pautas de conducta y medidas.<\/strong><\/p>\n<p>&nbsp;<\/p>\n<p>La magistrada tandilense entendi\u00f3 que <strong>los hechos contra el segundo acusado se limitan al primer momento de los hechos, es decir al \u201crobo agravado por el empleo de arma\u201d<\/strong>. Fue por ello que accedi\u00f3 al pedido de morigeraci\u00f3n y el adolescente volver\u00e1 a su casa, en una medida que tambi\u00e9n tiene una validez de 180 d\u00edas. Entre las medidas se encuentra la de continuar con sus estudios y un control aleatorio por parte de la polic\u00eda.<\/p>\n<p>&nbsp;<\/p>\n<p><em><strong>Estable<\/strong><\/em><\/p>\n<p>&nbsp;<\/p>\n<p>Por otra parte, en di\u00e1logo con fuentes oficiales se logr\u00f3 conocer que el joven apu\u00f1alado sigue con una evoluci\u00f3n favorable de su condici\u00f3n m\u00e9dica, al punto de haber sido<strong> trasladado a las habitaciones comunes del Hospital Municipal \u201cDoctor\u00a0 H\u00e9ctor Cura\u201d, donde permanece &#8220;estable&#8221;.<\/strong><\/p>\n<p>&nbsp;<\/p>\n<p>Vale recordar que sufri\u00f3 <strong>un puntazo que le ocasion\u00f3 una \u201claceraci\u00f3n hep\u00e1tica\u201d<\/strong>, lo que motiv\u00f3 que deba ser intervenido quir\u00fargicamente y permanecer varias horas en la Unidad de Terapia Intensiva del centro asistencial local.<\/p>\n<p>&nbsp;<\/p>\n<p><em>Foto de portada Instituto Leopoldo Lugones, captura de pantalla Google Maps.<\/em><\/p>\n","protected":false},"excerpt":{"rendered":"<p>El otro implicado, al que solo se le imputa el arrebato, accedi\u00f3 a una morigeraci\u00f3n y volvi\u00f3 a su casa.<\/p>\n","protected":false},"author":3,"featured_media":40863,"comment_status":"closed","ping_status":"closed","sticky":false,"template":"","format":"standard","meta":{"_jetpack_memberships_contains_paid_content":false,"footnotes":""},"categories":[14,1],"tags":[],"class_list":["post-41085","post","type-post","status-publish","format-standard","has-post-thumbnail","hentry","category-policiales","category-portada"],"jetpack_featured_media_url":"https:\/\/i0.wp.com\/cdnoticias.com\/wp-content\/uploads\/2021\/12\/Leopoldo-Lugones-Azul.jpg?fit=800%2C445&ssl=1","jetpack_sharing_enabled":true,"_links":{"self":[{"href":"https:\/\/cdnoticias.com\/index.php\/wp-json\/wp\/v2\/posts\/41085","targetHints":{"allow":["GET"]}}],"collection":[{"href":"https:\/\/cdnoticias.com\/index.php\/wp-json\/wp\/v2\/posts"}],"about":[{"href":"https:\/\/cdnoticias.com\/index.php\/wp-json\/wp\/v2\/types\/post"}],"author":[{"embeddable":true,"href":"https:\/\/cdnoticias.com\/index.php\/wp-json\/wp\/v2\/users\/3"}],"replies":[{"embeddable":true,"href":"https:\/\/cdnoticias.com\/index.php\/wp-json\/wp\/v2\/comments?post=41085"}],"version-history":[{"count":0,"href":"https:\/\/cdnoticias.com\/index.php\/wp-json\/wp\/v2\/posts\/41085\/revisions"}],"wp:featuredmedia":[{"embeddable":true,"href":"https:\/\/cdnoticias.com\/index.php\/wp-json\/wp\/v2\/media\/40863"}],"wp:attachment":[{"href":"https:\/\/cdnoticias.com\/index.php\/wp-json\/wp\/v2\/media?parent=41085"}],"wp:term":[{"taxonomy":"category","embeddable":true,"href":"https:\/\/cdnoticias.com\/index.php\/wp-json\/wp\/v2\/categories?post=41085"},{"taxonomy":"post_tag","embeddable":true,"href":"https:\/\/cdnoticias.com\/index.php\/wp-json\/wp\/v2\/tags?post=41085"}],"curies":[{"name":"wp","href":"https:\/\/api.w.org\/{rel}","templated":true}]}}