{"id":41075,"date":"2021-12-10T14:58:08","date_gmt":"2021-12-10T17:58:08","guid":{"rendered":"http:\/\/www.centraldenoticias.com.ar\/?p=41075"},"modified":"2021-12-10T16:44:00","modified_gmt":"2021-12-10T19:44:00","slug":"belen-vergel-ingresara-finalmente-al-concejo-deliberante","status":"publish","type":"post","link":"https:\/\/cdnoticias.com\/index.php\/2021\/12\/10\/belen-vergel-ingresara-finalmente-al-concejo-deliberante\/","title":{"rendered":"Bel\u00e9n Vergel ingresar\u00e1 finalmente al Concejo Deliberante"},"content":{"rendered":"<p>As\u00ed lo revel\u00f3 el intendente al confirmar que Mar\u00eda Jos\u00e9 Gonz\u00e1lez, concejala electa, dejar\u00e1 su banca para sumarse a la gesti\u00f3n municipal.<!--more--><\/p>\n<hr \/>\n<p><strong>Bel\u00e9n Vergel, una de las referentes del radicalismo local, ingresar\u00e1 finalmente al HCD<\/strong> luego de haberse quedado afuera por escasos votos en las elecciones del pasado mes de noviembre. La novedad surge a partir de la<strong> confirmaci\u00f3n que Mar\u00eda Jos\u00e9 Gonz\u00e1lez, concejala electa, finalmente no renovar\u00e1 su banca por sumarse a la gesti\u00f3n municipal.<\/strong><\/p>\n<p>&nbsp;<\/p>\n<p><img data-recalc-dims=\"1\" loading=\"lazy\" decoding=\"async\" class=\"alignnone size-full wp-image-32795\" src=\"https:\/\/i0.wp.com\/cdnoticias.com\/wp-content\/uploads\/2021\/09\/Galli-Cenizo-Vergel.jpg?resize=800%2C445&#038;ssl=1\" alt=\"\" width=\"800\" height=\"445\" srcset=\"https:\/\/i0.wp.com\/cdnoticias.com\/wp-content\/uploads\/2021\/09\/Galli-Cenizo-Vergel.jpg?w=800&amp;ssl=1 800w, https:\/\/i0.wp.com\/cdnoticias.com\/wp-content\/uploads\/2021\/09\/Galli-Cenizo-Vergel.jpg?resize=300%2C167&amp;ssl=1 300w, https:\/\/i0.wp.com\/cdnoticias.com\/wp-content\/uploads\/2021\/09\/Galli-Cenizo-Vergel.jpg?resize=768%2C427&amp;ssl=1 768w\" sizes=\"auto, (max-width: 800px) 100vw, 800px\" \/><\/p>\n<p>&nbsp;<\/p>\n<p>La noticia fue confirmada en la tarde de este viernes por el intendente municipal, Ezequiel Galli, quien lo expuso a trav\u00e9s de sus redes sociales. <strong>\u201cEn pos de fortalecer el espacio #Juntos, Bel\u00e9n Vergel asumir\u00e1 como concejal el pr\u00f3ximo lunes 13 de diciembre en lugar de Mar\u00eda Jos\u00e9 Gonz\u00e1lez que se sumar\u00e1 a nuestro equipo en el Gobierno Municipal\u201d<\/strong>, public\u00f3 el jefe comunal en Twitter.<\/p>\n<p>&nbsp;<\/p>\n<blockquote class=\"twitter-tweet\" data-width=\"550\" data-dnt=\"true\">\n<p lang=\"es\" dir=\"ltr\">En pos de fortalecer el espacio <a href=\"https:\/\/twitter.com\/hashtag\/Juntos?src=hash&amp;ref_src=twsrc%5Etfw\">#Juntos<\/a>, Bel\u00e9n Vergel asumir\u00e1 como concejal el pr\u00f3ximo lunes 13 de diciembre en lugar de Mar\u00eda Jos\u00e9 Gonz\u00e1lez que se sumar\u00e1 a nuestro equipo en el Gobierno Municipal.<\/p>\n<p>&mdash; Ezequiel Galli (@ezequielgalli) <a href=\"https:\/\/twitter.com\/ezequielgalli\/status\/1469358998075834369?ref_src=twsrc%5Etfw\">December 10, 2021<\/a><\/p><\/blockquote>\n<p><script async src=\"https:\/\/platform.twitter.com\/widgets.js\" charset=\"utf-8\"><\/script><\/p>\n<p>&nbsp;<\/p>\n<p>\u201cLa amplitud y la diversidad de voces no solo se declaman, se demuestran con hechos concretos. <strong>Con todos los dirigentes de la UCR compartimos los mismos valores y, desde la divergencia, vamos trabajar para seguir cambiando la vida de todos los olavarrienses<\/strong>\u201d, concluy\u00f3 el \u201chilo\u201d el intendente olavarriense.<\/p>\n<p>&nbsp;<\/p>\n<p><img data-recalc-dims=\"1\" loading=\"lazy\" decoding=\"async\" class=\"alignnone size-large wp-image-32046\" src=\"https:\/\/i0.wp.com\/cdnoticias.com\/wp-content\/uploads\/2021\/09\/Vergel5.jpg?resize=800%2C445&#038;ssl=1\" alt=\"\" width=\"800\" height=\"445\" srcset=\"https:\/\/i0.wp.com\/cdnoticias.com\/wp-content\/uploads\/2021\/09\/Vergel5.jpg?resize=1024%2C570&amp;ssl=1 1024w, https:\/\/i0.wp.com\/cdnoticias.com\/wp-content\/uploads\/2021\/09\/Vergel5.jpg?resize=300%2C167&amp;ssl=1 300w, https:\/\/i0.wp.com\/cdnoticias.com\/wp-content\/uploads\/2021\/09\/Vergel5.jpg?resize=768%2C427&amp;ssl=1 768w, https:\/\/i0.wp.com\/cdnoticias.com\/wp-content\/uploads\/2021\/09\/Vergel5.jpg?resize=800%2C445&amp;ssl=1 800w, https:\/\/i0.wp.com\/cdnoticias.com\/wp-content\/uploads\/2021\/09\/Vergel5.jpg?w=1600&amp;ssl=1 1600w, https:\/\/i0.wp.com\/cdnoticias.com\/wp-content\/uploads\/2021\/09\/Vergel5.jpg?w=2400&amp;ssl=1 2400w\" sizes=\"auto, (max-width: 800px) 100vw, 800px\" \/><\/p>\n<p>&nbsp;<\/p>\n<p>Vale recordar, por \u00faltimo, que <a href=\"https:\/\/cdnoticias.com\/index.php\/2021\/12\/07\/asuncion-de-concejales-sera-el-proximo-lunes-13\/\" target=\"_blank\" rel=\"noopener\">la jura de los flamantes concejales se dar\u00e1 el pr\u00f3ximo lunes 13 de diciembre<\/a>, sesi\u00f3n en la que adem\u00e1s se elegir\u00e1n las autoridades del cuerpo deliberativo local.<\/p>\n","protected":false},"excerpt":{"rendered":"<p>As\u00ed lo revel\u00f3 el intendente al confirmar que Mar\u00eda Jos\u00e9 Gonz\u00e1lez, concejala electa, dejar\u00e1 su banca para sumarse a la<\/p>\n","protected":false},"author":3,"featured_media":32794,"comment_status":"closed","ping_status":"closed","sticky":false,"template":"","format":"standard","meta":{"_jetpack_memberships_contains_paid_content":false,"footnotes":""},"categories":[4,1],"tags":[],"class_list":["post-41075","post","type-post","status-publish","format-standard","has-post-thumbnail","hentry","category-politica","category-portada"],"jetpack_featured_media_url":"https:\/\/i0.wp.com\/cdnoticias.com\/wp-content\/uploads\/2021\/09\/Vergel-Cenizo.jpg?fit=800%2C445&ssl=1","jetpack_sharing_enabled":true,"_links":{"self":[{"href":"https:\/\/cdnoticias.com\/index.php\/wp-json\/wp\/v2\/posts\/41075","targetHints":{"allow":["GET"]}}],"collection":[{"href":"https:\/\/cdnoticias.com\/index.php\/wp-json\/wp\/v2\/posts"}],"about":[{"href":"https:\/\/cdnoticias.com\/index.php\/wp-json\/wp\/v2\/types\/post"}],"author":[{"embeddable":true,"href":"https:\/\/cdnoticias.com\/index.php\/wp-json\/wp\/v2\/users\/3"}],"replies":[{"embeddable":true,"href":"https:\/\/cdnoticias.com\/index.php\/wp-json\/wp\/v2\/comments?post=41075"}],"version-history":[{"count":0,"href":"https:\/\/cdnoticias.com\/index.php\/wp-json\/wp\/v2\/posts\/41075\/revisions"}],"wp:featuredmedia":[{"embeddable":true,"href":"https:\/\/cdnoticias.com\/index.php\/wp-json\/wp\/v2\/media\/32794"}],"wp:attachment":[{"href":"https:\/\/cdnoticias.com\/index.php\/wp-json\/wp\/v2\/media?parent=41075"}],"wp:term":[{"taxonomy":"category","embeddable":true,"href":"https:\/\/cdnoticias.com\/index.php\/wp-json\/wp\/v2\/categories?post=41075"},{"taxonomy":"post_tag","embeddable":true,"href":"https:\/\/cdnoticias.com\/index.php\/wp-json\/wp\/v2\/tags?post=41075"}],"curies":[{"name":"wp","href":"https:\/\/api.w.org\/{rel}","templated":true}]}}