{"id":41071,"date":"2021-12-10T13:56:51","date_gmt":"2021-12-10T16:56:51","guid":{"rendered":"http:\/\/www.centraldenoticias.com.ar\/?p=41071"},"modified":"2021-12-10T13:56:51","modified_gmt":"2021-12-10T16:56:51","slug":"la-ucr-olavarria-recordo-a-alfonsin-en-el-dia-de-la-democracia","status":"publish","type":"post","link":"https:\/\/cdnoticias.com\/index.php\/2021\/12\/10\/la-ucr-olavarria-recordo-a-alfonsin-en-el-dia-de-la-democracia\/","title":{"rendered":"La UCR Olavarr\u00eda record\u00f3 a Alfons\u00edn en el D\u00eda de la Democracia"},"content":{"rendered":"<p>Dirigentes radicales recordaron al ex presidente en el Parque que lleva su nombre en nuestra ciudad.\u00a0<!--more--><\/p>\n<hr \/>\n<p>Este<strong> viernes se conmemora el \u201cD\u00eda de la Democracia\u201d a 38 a\u00f1os de la asunci\u00f3n de Ra\u00fal Alfons\u00edn<\/strong>, d\u00eda de la recuperaci\u00f3n democr\u00e1tica en nuestro pa\u00eds. <strong>A pesar de la lluvia, militantes y dirigentes de la Uni\u00f3n C\u00edvica Radical de Olavarr\u00eda recordaron al hist\u00f3rico mandatario en el Parque Ra\u00fal Alfons\u00edn de Olavarr\u00eda.<\/strong><\/p>\n<p>&nbsp;<\/p>\n<blockquote><p>Gonzalo Dolagaray, presidente de la UCR de Olavarr\u00eda, junto a Bel\u00e9n Vergel, vicepresidente, dejaron una ofrenda floral en la piedra que identifica y recuerda al ex presidente.<\/p><\/blockquote>\n<p>&nbsp;<\/p>\n<p>El 10 de diciembre de 1983 <strong>Argentina vivi\u00f3 un d\u00eda de fiesta al concretarse el retorno de la democracia, dejando atr\u00e1s la dictadura m\u00e1s sangrienta de nuestra historia.<\/strong><\/p>\n<p>&nbsp;<\/p>\n<p><img data-recalc-dims=\"1\" loading=\"lazy\" decoding=\"async\" class=\"alignnone size-large wp-image-41072\" src=\"https:\/\/i0.wp.com\/cdnoticias.com\/wp-content\/uploads\/2021\/12\/WhatsApp-Image-2021-12-10-at-11.30.43-AM.jpeg?resize=800%2C600&#038;ssl=1\" alt=\"\" width=\"800\" height=\"600\" srcset=\"https:\/\/i0.wp.com\/cdnoticias.com\/wp-content\/uploads\/2021\/12\/WhatsApp-Image-2021-12-10-at-11.30.43-AM.jpeg?resize=1024%2C768&amp;ssl=1 1024w, https:\/\/i0.wp.com\/cdnoticias.com\/wp-content\/uploads\/2021\/12\/WhatsApp-Image-2021-12-10-at-11.30.43-AM.jpeg?resize=300%2C225&amp;ssl=1 300w, https:\/\/i0.wp.com\/cdnoticias.com\/wp-content\/uploads\/2021\/12\/WhatsApp-Image-2021-12-10-at-11.30.43-AM.jpeg?resize=768%2C576&amp;ssl=1 768w, https:\/\/i0.wp.com\/cdnoticias.com\/wp-content\/uploads\/2021\/12\/WhatsApp-Image-2021-12-10-at-11.30.43-AM.jpeg?w=1600&amp;ssl=1 1600w\" sizes=\"auto, (max-width: 800px) 100vw, 800px\" \/><\/p>\n<p>&nbsp;<\/p>\n<p>Seg\u00fan palabras de Gonzalo Dolagaray<em> &#8220;hoy no s\u00f3lo recordamos un d\u00eda fundamental de la historia reciente de nuestro pa\u00eds, sino que tambi\u00e9n se pone en valor la figura de un l\u00edder como Ra\u00fal Alfons\u00edn, qui\u00e9n se comprometi\u00f3 en defender y garantizar la vida democr\u00e1tica para nuestro pa\u00eds. Ahora es responsabilidad de todos nosotros construir una democracia que salde las deudas que tenemos pendientes&#8221;.<\/em><\/p>\n","protected":false},"excerpt":{"rendered":"<p>Dirigentes radicales recordaron al ex presidente en el Parque que lleva su nombre en nuestra ciudad.\u00a0<\/p>\n","protected":false},"author":2,"featured_media":41073,"comment_status":"closed","ping_status":"closed","sticky":false,"template":"","format":"standard","meta":{"_jetpack_memberships_contains_paid_content":false,"footnotes":""},"categories":[4,1],"tags":[],"class_list":["post-41071","post","type-post","status-publish","format-standard","has-post-thumbnail","hentry","category-politica","category-portada"],"jetpack_featured_media_url":"https:\/\/i0.wp.com\/cdnoticias.com\/wp-content\/uploads\/2021\/12\/WhatsApp-Image-2021-12-10-at-11.30.44-AM.jpeg?fit=1156%2C651&ssl=1","jetpack_sharing_enabled":true,"_links":{"self":[{"href":"https:\/\/cdnoticias.com\/index.php\/wp-json\/wp\/v2\/posts\/41071","targetHints":{"allow":["GET"]}}],"collection":[{"href":"https:\/\/cdnoticias.com\/index.php\/wp-json\/wp\/v2\/posts"}],"about":[{"href":"https:\/\/cdnoticias.com\/index.php\/wp-json\/wp\/v2\/types\/post"}],"author":[{"embeddable":true,"href":"https:\/\/cdnoticias.com\/index.php\/wp-json\/wp\/v2\/users\/2"}],"replies":[{"embeddable":true,"href":"https:\/\/cdnoticias.com\/index.php\/wp-json\/wp\/v2\/comments?post=41071"}],"version-history":[{"count":0,"href":"https:\/\/cdnoticias.com\/index.php\/wp-json\/wp\/v2\/posts\/41071\/revisions"}],"wp:featuredmedia":[{"embeddable":true,"href":"https:\/\/cdnoticias.com\/index.php\/wp-json\/wp\/v2\/media\/41073"}],"wp:attachment":[{"href":"https:\/\/cdnoticias.com\/index.php\/wp-json\/wp\/v2\/media?parent=41071"}],"wp:term":[{"taxonomy":"category","embeddable":true,"href":"https:\/\/cdnoticias.com\/index.php\/wp-json\/wp\/v2\/categories?post=41071"},{"taxonomy":"post_tag","embeddable":true,"href":"https:\/\/cdnoticias.com\/index.php\/wp-json\/wp\/v2\/tags?post=41071"}],"curies":[{"name":"wp","href":"https:\/\/api.w.org\/{rel}","templated":true}]}}