{"id":41054,"date":"2021-12-10T13:22:15","date_gmt":"2021-12-10T16:22:15","guid":{"rendered":"http:\/\/www.centraldenoticias.com.ar\/?p=41054"},"modified":"2021-12-10T13:27:05","modified_gmt":"2021-12-10T16:27:05","slug":"asumieron-los-senadores-provinciales-de-la-septima","status":"publish","type":"post","link":"https:\/\/cdnoticias.com\/index.php\/2021\/12\/10\/asumieron-los-senadores-provinciales-de-la-septima\/","title":{"rendered":"Asumieron los senadores provinciales de la S\u00e9ptima"},"content":{"rendered":"<p>Asumieron los representantes de Juntos, Alejandro Cellillo y Lorena Mandagar\u00e1n; y Eduardo Bucca por el Frente de Todos. El nuevo Senado, por mitades.<!--more--><\/p>\n<hr \/>\n<p><strong>La vicegobernadora Ver\u00f3nica Magario le tom\u00f3 juramento este jueves a los senadores bonaerenses electos<\/strong> en los comicios legislativos del 14 de noviembre.<\/p>\n<p>&nbsp;<\/p>\n<p>Con este recambio, <strong>la C\u00e1mara Alta provincial qued\u00f3 conformada por 23 representantes del Frente de Todos y 23 de Juntos<\/strong>. El desempate inclinar\u00e1 la balanza para el oficialismo a trav\u00e9s de Magario.<\/p>\n<p>&nbsp;<\/p>\n<p><img data-recalc-dims=\"1\" loading=\"lazy\" decoding=\"async\" class=\"size-full wp-image-41058 aligncenter\" src=\"https:\/\/i0.wp.com\/cdnoticias.com\/wp-content\/uploads\/2021\/12\/senadores-asuncion-alenadro-cellillo.jpg?resize=800%2C571&#038;ssl=1\" alt=\"\" width=\"800\" height=\"571\" srcset=\"https:\/\/i0.wp.com\/cdnoticias.com\/wp-content\/uploads\/2021\/12\/senadores-asuncion-alenadro-cellillo.jpg?w=800&amp;ssl=1 800w, https:\/\/i0.wp.com\/cdnoticias.com\/wp-content\/uploads\/2021\/12\/senadores-asuncion-alenadro-cellillo.jpg?resize=300%2C214&amp;ssl=1 300w, https:\/\/i0.wp.com\/cdnoticias.com\/wp-content\/uploads\/2021\/12\/senadores-asuncion-alenadro-cellillo.jpg?resize=768%2C548&amp;ssl=1 768w\" sizes=\"auto, (max-width: 800px) 100vw, 800px\" \/><\/p>\n<p>&nbsp;<\/p>\n<p><img data-recalc-dims=\"1\" loading=\"lazy\" decoding=\"async\" class=\"size-full wp-image-41056 aligncenter\" src=\"https:\/\/i0.wp.com\/cdnoticias.com\/wp-content\/uploads\/2021\/12\/senadores-asuncion-lorena-mandagaran.jpg?resize=800%2C533&#038;ssl=1\" alt=\"\" width=\"800\" height=\"533\" srcset=\"https:\/\/i0.wp.com\/cdnoticias.com\/wp-content\/uploads\/2021\/12\/senadores-asuncion-lorena-mandagaran.jpg?w=800&amp;ssl=1 800w, https:\/\/i0.wp.com\/cdnoticias.com\/wp-content\/uploads\/2021\/12\/senadores-asuncion-lorena-mandagaran.jpg?resize=300%2C200&amp;ssl=1 300w, https:\/\/i0.wp.com\/cdnoticias.com\/wp-content\/uploads\/2021\/12\/senadores-asuncion-lorena-mandagaran.jpg?resize=768%2C512&amp;ssl=1 768w, https:\/\/i0.wp.com\/cdnoticias.com\/wp-content\/uploads\/2021\/12\/senadores-asuncion-lorena-mandagaran.jpg?resize=272%2C182&amp;ssl=1 272w\" sizes=\"auto, (max-width: 800px) 100vw, 800px\" \/><\/p>\n<p>&nbsp;<\/p>\n<blockquote><p>La S\u00e9ptima secci\u00f3n tiene nuevos representantes: asumieron el peronista bolivarense Eduardo \u201cBali\u201d Bucca por el Frente de Todos; y el radical de Alvear, Alejandro Cellillo \u2013reelecto-, y la azule\u00f1a del GEN, Mar\u00eda Lorena Mandagar\u00e1n, por Juntos.<\/p><\/blockquote>\n<p>&nbsp;<\/p>\n<p><img data-recalc-dims=\"1\" loading=\"lazy\" decoding=\"async\" class=\"size-full wp-image-41055 aligncenter\" src=\"https:\/\/i0.wp.com\/cdnoticias.com\/wp-content\/uploads\/2021\/12\/senadores-asuncion-bali-bucca.jpg?resize=670%2C372&#038;ssl=1\" alt=\"\" width=\"670\" height=\"372\" srcset=\"https:\/\/i0.wp.com\/cdnoticias.com\/wp-content\/uploads\/2021\/12\/senadores-asuncion-bali-bucca.jpg?w=670&amp;ssl=1 670w, https:\/\/i0.wp.com\/cdnoticias.com\/wp-content\/uploads\/2021\/12\/senadores-asuncion-bali-bucca.jpg?resize=300%2C167&amp;ssl=1 300w\" sizes=\"auto, (max-width: 670px) 100vw, 670px\" \/><\/p>\n<p>&nbsp;<\/p>\n<p><img data-recalc-dims=\"1\" loading=\"lazy\" decoding=\"async\" class=\"size-large wp-image-41059 aligncenter\" src=\"https:\/\/i0.wp.com\/cdnoticias.com\/wp-content\/uploads\/2021\/12\/jura-senadores-Foto-senado.jpeg?resize=800%2C534&#038;ssl=1\" alt=\"\" width=\"800\" height=\"534\" srcset=\"https:\/\/i0.wp.com\/cdnoticias.com\/wp-content\/uploads\/2021\/12\/jura-senadores-Foto-senado.jpeg?resize=1024%2C683&amp;ssl=1 1024w, https:\/\/i0.wp.com\/cdnoticias.com\/wp-content\/uploads\/2021\/12\/jura-senadores-Foto-senado.jpeg?resize=300%2C200&amp;ssl=1 300w, https:\/\/i0.wp.com\/cdnoticias.com\/wp-content\/uploads\/2021\/12\/jura-senadores-Foto-senado.jpeg?resize=768%2C512&amp;ssl=1 768w, https:\/\/i0.wp.com\/cdnoticias.com\/wp-content\/uploads\/2021\/12\/jura-senadores-Foto-senado.jpeg?resize=272%2C182&amp;ssl=1 272w, https:\/\/i0.wp.com\/cdnoticias.com\/wp-content\/uploads\/2021\/12\/jura-senadores-Foto-senado.jpeg?w=1500&amp;ssl=1 1500w\" sizes=\"auto, (max-width: 800px) 100vw, 800px\" \/><\/p>\n<p>&nbsp;<\/p>\n<p>Para presenciar las asunciones,<strong> estuvieron presentes<\/strong> el presidente de la C\u00e1mara de Diputados de la Naci\u00f3n, Sergio Massa; la titular de Anses, Fernanda Raverta; y la presidenta de Aysa, Malena Galmarini, entre otros referentes pol\u00edticos.<\/p>\n<p>&nbsp;<\/p>\n<p>Para el recambio legislativo de cara a los pr\u00f3ximos dos a\u00f1os, <strong>el Frente de Todos eligi\u00f3 Teresa Garc\u00eda y Jos\u00e9 Luis Pallares como presidenta y vice de bloque<\/strong>. Adem\u00e1s, <strong>Luis Vivona (Primera secci\u00f3n) fue designado como vicepresidente 1ro. de la C\u00e1mara<\/strong>, mientras que <strong>Ayel\u00e9n Dur\u00e1n (Sexta secci\u00f3n) qued\u00f3 como la vicepresidenta 3ra<\/strong>.<\/p>\n<p>&nbsp;<\/p>\n<p><img data-recalc-dims=\"1\" loading=\"lazy\" decoding=\"async\" class=\"aligncenter wp-image-41060\" src=\"https:\/\/i0.wp.com\/cdnoticias.com\/wp-content\/uploads\/2021\/12\/senadores-cellillo-la-tecla.jpg?resize=750%2C491&#038;ssl=1\" alt=\"\" width=\"750\" height=\"491\" srcset=\"https:\/\/i0.wp.com\/cdnoticias.com\/wp-content\/uploads\/2021\/12\/senadores-cellillo-la-tecla.jpg?w=837&amp;ssl=1 837w, https:\/\/i0.wp.com\/cdnoticias.com\/wp-content\/uploads\/2021\/12\/senadores-cellillo-la-tecla.jpg?resize=300%2C196&amp;ssl=1 300w, https:\/\/i0.wp.com\/cdnoticias.com\/wp-content\/uploads\/2021\/12\/senadores-cellillo-la-tecla.jpg?resize=768%2C503&amp;ssl=1 768w\" sizes=\"auto, (max-width: 750px) 100vw, 750px\" \/><\/p>\n<p><img data-recalc-dims=\"1\" loading=\"lazy\" decoding=\"async\" class=\"aligncenter wp-image-41061\" src=\"https:\/\/i0.wp.com\/cdnoticias.com\/wp-content\/uploads\/2021\/12\/senado-DIB.jpg?resize=750%2C499&#038;ssl=1\" alt=\"\" width=\"750\" height=\"499\" srcset=\"https:\/\/i0.wp.com\/cdnoticias.com\/wp-content\/uploads\/2021\/12\/senado-DIB.jpg?w=696&amp;ssl=1 696w, https:\/\/i0.wp.com\/cdnoticias.com\/wp-content\/uploads\/2021\/12\/senado-DIB.jpg?resize=300%2C200&amp;ssl=1 300w, https:\/\/i0.wp.com\/cdnoticias.com\/wp-content\/uploads\/2021\/12\/senado-DIB.jpg?resize=272%2C182&amp;ssl=1 272w\" sizes=\"auto, (max-width: 750px) 100vw, 750px\" \/><\/p>\n<p>&nbsp;<\/p>\n<p><strong>Al cierre de la sesi\u00f3n, el sector de Juntos no hab\u00eda definido autoridades<\/strong>: la interna de senadores del Pro no hab\u00eda llegado a un acuerdo con lo que no se hab\u00eda definido la presidencia.<\/p>\n<p>&nbsp;<\/p>\n<p>Con ello tampoco se hab\u00eda alcanzado certeza sobre la vicepresidencia segunda del Senado, aunque <strong>se especulaba con la continuidad de Cellillo<\/strong> en el cargo.<\/p>\n<p>&nbsp;<\/p>\n<p>Los nuevos legisladores dieron a conocer sus asunciones:<\/p>\n<p>&nbsp;<\/p>\n<blockquote class=\"twitter-tweet\">\n<p dir=\"ltr\" lang=\"es\">Jur\u00e9 como Senador \u270b<br \/>\nEs un verdadero honor renovar el compromiso con los bonaerenses. Seguir\u00e9 trabajando con todas mis ganas y capacidad, con el prop\u00f3sito de siempre: mejorarle la vida a cada vecino de la Provincia.<a href=\"https:\/\/twitter.com\/hashtag\/Juntos?src=hash&amp;ref_src=twsrc%5Etfw\">#Juntos<\/a><a href=\"https:\/\/twitter.com\/hashtag\/UCR?src=hash&amp;ref_src=twsrc%5Etfw\">#UCR<\/a> <a href=\"https:\/\/t.co\/7Gvfa4vRPA\">pic.twitter.com\/7Gvfa4vRPA<\/a><\/p>\n<p>\u2014 Alejandro Cellillo (@alecellillo) <a href=\"https:\/\/twitter.com\/alecellillo\/status\/1469070188125429761?ref_src=twsrc%5Etfw\">December 9, 2021<\/a><\/p><\/blockquote>\n<p><script async src=\"https:\/\/platform.twitter.com\/widgets.js\" charset=\"utf-8\"><\/script><\/p>\n<blockquote class=\"twitter-tweet\">\n<p dir=\"ltr\" lang=\"es\">Hoy es un d\u00eda muy especial, de plena felicidad y expectativas.<br \/>\nHoy jur\u00e9 representar los intereses de la S\u00e9ptima Secci\u00f3n, especialmente de mi querido Azul.<br \/>\nMi compromiso inicia con el firme prop\u00f3sito de honrar la confianza que depositaron en m\u00ed. <a href=\"https:\/\/t.co\/ocfy5NMgIB\">pic.twitter.com\/ocfy5NMgIB<\/a><\/p>\n<p>\u2014 Lorena Mandagar\u00e1n (@LoreMandagaran) <a href=\"https:\/\/twitter.com\/LoreMandagaran\/status\/1469067514156134404?ref_src=twsrc%5Etfw\">December 9, 2021<\/a><\/p><\/blockquote>\n<p><script async src=\"https:\/\/platform.twitter.com\/widgets.js\" charset=\"utf-8\"><\/script><\/p>\n<p>&nbsp;<\/p>\n<blockquote class=\"twitter-tweet\">\n<p dir=\"ltr\" lang=\"es\">Con mucha responsabilidad y acompa\u00f1ado de mi familia, hoy asum\u00ed mi banca como Senador Provincial.<\/p>\n<p>Como en cada desaf\u00edo lo voy a encarar con energ\u00eda positiva, mirada constructiva y poniendo adelante lo IMPORTANTE.<a href=\"https:\/\/twitter.com\/hashtag\/SiempreAdelante?src=hash&amp;ref_src=twsrc%5Etfw\">#SiempreAdelante<\/a> <a href=\"https:\/\/t.co\/7RhPEO8Skk\">pic.twitter.com\/7RhPEO8Skk<\/a><\/p>\n<p>\u2014 Eduardo Bali Bucca (@BuccaBali) <a href=\"https:\/\/twitter.com\/BuccaBali\/status\/1469118633871773696?ref_src=twsrc%5Etfw\">December 10, 2021<\/a><\/p><\/blockquote>\n<p><script async src=\"https:\/\/platform.twitter.com\/widgets.js\" charset=\"utf-8\"><\/script><\/p>\n","protected":false},"excerpt":{"rendered":"<p>Asumieron los representantes de Juntos, Alejandro Cellillo y Lorena Mandagar\u00e1n; y Eduardo Bucca por el Frente de Todos. El nuevo<\/p>\n","protected":false},"author":4,"featured_media":41057,"comment_status":"closed","ping_status":"closed","sticky":false,"template":"","format":"standard","meta":{"_jetpack_memberships_contains_paid_content":false,"footnotes":""},"categories":[6,1],"tags":[],"class_list":["post-41054","post","type-post","status-publish","format-standard","has-post-thumbnail","hentry","category-nacionales","category-portada"],"jetpack_featured_media_url":"https:\/\/i0.wp.com\/cdnoticias.com\/wp-content\/uploads\/2021\/12\/senadores-asuncion.jpg?fit=835%2C465&ssl=1","jetpack_sharing_enabled":true,"_links":{"self":[{"href":"https:\/\/cdnoticias.com\/index.php\/wp-json\/wp\/v2\/posts\/41054","targetHints":{"allow":["GET"]}}],"collection":[{"href":"https:\/\/cdnoticias.com\/index.php\/wp-json\/wp\/v2\/posts"}],"about":[{"href":"https:\/\/cdnoticias.com\/index.php\/wp-json\/wp\/v2\/types\/post"}],"author":[{"embeddable":true,"href":"https:\/\/cdnoticias.com\/index.php\/wp-json\/wp\/v2\/users\/4"}],"replies":[{"embeddable":true,"href":"https:\/\/cdnoticias.com\/index.php\/wp-json\/wp\/v2\/comments?post=41054"}],"version-history":[{"count":0,"href":"https:\/\/cdnoticias.com\/index.php\/wp-json\/wp\/v2\/posts\/41054\/revisions"}],"wp:featuredmedia":[{"embeddable":true,"href":"https:\/\/cdnoticias.com\/index.php\/wp-json\/wp\/v2\/media\/41057"}],"wp:attachment":[{"href":"https:\/\/cdnoticias.com\/index.php\/wp-json\/wp\/v2\/media?parent=41054"}],"wp:term":[{"taxonomy":"category","embeddable":true,"href":"https:\/\/cdnoticias.com\/index.php\/wp-json\/wp\/v2\/categories?post=41054"},{"taxonomy":"post_tag","embeddable":true,"href":"https:\/\/cdnoticias.com\/index.php\/wp-json\/wp\/v2\/tags?post=41054"}],"curies":[{"name":"wp","href":"https:\/\/api.w.org\/{rel}","templated":true}]}}