{"id":41032,"date":"2021-12-10T10:47:44","date_gmt":"2021-12-10T13:47:44","guid":{"rendered":"http:\/\/www.centraldenoticias.com.ar\/?p=41032"},"modified":"2021-12-10T10:47:44","modified_gmt":"2021-12-10T13:47:44","slug":"movilizacion-en-olavarria-contra-el-pacto-con-el-fmi","status":"publish","type":"post","link":"https:\/\/cdnoticias.com\/index.php\/2021\/12\/10\/movilizacion-en-olavarria-contra-el-pacto-con-el-fmi\/","title":{"rendered":"Movilizaci\u00f3n en Olavarr\u00eda \u201ccontra el pacto con el FMI\u201d"},"content":{"rendered":"<p>Este s\u00e1bado desde las 16 en el Paseo Jes\u00fas Mend\u00eda. Entre las organizaciones convocantes estar\u00e1n Polo Obrero, MTE Rural, Comunidad Mapuche Urbana Pillan Manke y Partido Obrero.<!--more--><\/p>\n<hr \/>\n<p><strong>En Olavarr\u00eda se replicar\u00e1 una movilizaci\u00f3n \u201ccontra el pacto con el FMI\u201d<\/strong> <strong>este s\u00e1bado desde las 16 en el Paseo Jes\u00fas Mend\u00eda<\/strong>.<\/p>\n<p>&nbsp;<\/p>\n<p>La actividad se convoc\u00f3 a nivel nacional. Se program\u00f3 una \u201cmarcha a Plaza de Mayo para<strong> rechazar las negociaciones del gobierno con el Fondo Monetario Internacional<\/strong> y el acuerdo antiobrero que se est\u00e1 perge\u00f1ando\u201d con actividades en paralelo en distintas localidades.<\/p>\n<p>&nbsp;<\/p>\n<p>De la jornada son convocantes <strong>decenas de organizaciones pol\u00edticas, sindicales, sociales y de derechos humanos<\/strong>, las cuales denuncian que, \u201cde avanzarse en la l\u00ednea de acuerdo con el FMI propuesta por el gobierno nacional y la oposici\u00f3n de derecha, <em>se estar\u00eda profundizando el ajuste contra los trabajadores, con reducci\u00f3n del gasto p\u00fablico, ajuste en salud, educaci\u00f3n y desarrollo social, devaluaci\u00f3n, tarifazos, despidos y reforma laboral de por medio<\/em>\u201d.<\/p>\n<p>&nbsp;<\/p>\n<p><img data-recalc-dims=\"1\" loading=\"lazy\" decoding=\"async\" class=\"aligncenter wp-image-41033\" src=\"https:\/\/i0.wp.com\/cdnoticias.com\/wp-content\/uploads\/2021\/12\/Convocatoria-11-12-21-820x1024.jpg?resize=500%2C624&#038;ssl=1\" alt=\"\" width=\"500\" height=\"624\" \/><\/p>\n<p>&nbsp;<\/p>\n<blockquote><p>En Olavarr\u00eda, una diversidad de organizaciones participa de esta convocatoria: Polo Obrero, Frente de Organizaciones en Lucha (FOL), MTE Rural, Comunidad Mapuche Urbana Pillan Manke, Tribuna Docente, Plenario de Trabajadoras, Socorristas Olavarr\u00eda y el Partido Obrero en el FIT-Unidad. Los organizadores invitaron \u201ca movilizarse a todo el pueblo trabajador olavarriense\u201d.<\/p><\/blockquote>\n<p>&nbsp;<\/p>\n<p>Se destac\u00f3 que<strong> \u201cel plan plurianual del gobierno del Frente de Todos es para garantizar el pago integral de la deuda que contrajo Macri con el Fondo<\/strong>. Esta es una estafa, que incluso fue denunciada por el propio Gobierno de Fern\u00e1ndez que la reconoce y paga puntillosamente, aplicando el ajuste y sus consecuencias\u201d.<\/p>\n<p>&nbsp;<\/p>\n<p>Entre las organizaciones sindicales convocantes a nivel nacional y provincial se cuentan el SUTNA (neum\u00e1tico), las seccionales combativas del Suteba La Matanza y Ensenada, la Junta Interna de ATE del Garrahan, la comisi\u00f3n interna de la gr\u00e1fica Morvillo, la AGD UBA, la Seccional Oeste de la Uni\u00f3n Ferroviaria.<\/p>\n","protected":false},"excerpt":{"rendered":"<p>Este s\u00e1bado desde las 16 en el Paseo Jes\u00fas Mend\u00eda. Entre las organizaciones convocantes estar\u00e1n Polo Obrero, MTE Rural, Comunidad<\/p>\n","protected":false},"author":4,"featured_media":41034,"comment_status":"closed","ping_status":"closed","sticky":false,"template":"","format":"standard","meta":{"_jetpack_memberships_contains_paid_content":false,"footnotes":""},"categories":[4,1],"tags":[],"class_list":["post-41032","post","type-post","status-publish","format-standard","has-post-thumbnail","hentry","category-politica","category-portada"],"jetpack_featured_media_url":"https:\/\/i0.wp.com\/cdnoticias.com\/wp-content\/uploads\/2021\/12\/partido-obrero-marcha.jpg?fit=800%2C445&ssl=1","jetpack_sharing_enabled":true,"_links":{"self":[{"href":"https:\/\/cdnoticias.com\/index.php\/wp-json\/wp\/v2\/posts\/41032","targetHints":{"allow":["GET"]}}],"collection":[{"href":"https:\/\/cdnoticias.com\/index.php\/wp-json\/wp\/v2\/posts"}],"about":[{"href":"https:\/\/cdnoticias.com\/index.php\/wp-json\/wp\/v2\/types\/post"}],"author":[{"embeddable":true,"href":"https:\/\/cdnoticias.com\/index.php\/wp-json\/wp\/v2\/users\/4"}],"replies":[{"embeddable":true,"href":"https:\/\/cdnoticias.com\/index.php\/wp-json\/wp\/v2\/comments?post=41032"}],"version-history":[{"count":0,"href":"https:\/\/cdnoticias.com\/index.php\/wp-json\/wp\/v2\/posts\/41032\/revisions"}],"wp:featuredmedia":[{"embeddable":true,"href":"https:\/\/cdnoticias.com\/index.php\/wp-json\/wp\/v2\/media\/41034"}],"wp:attachment":[{"href":"https:\/\/cdnoticias.com\/index.php\/wp-json\/wp\/v2\/media?parent=41032"}],"wp:term":[{"taxonomy":"category","embeddable":true,"href":"https:\/\/cdnoticias.com\/index.php\/wp-json\/wp\/v2\/categories?post=41032"},{"taxonomy":"post_tag","embeddable":true,"href":"https:\/\/cdnoticias.com\/index.php\/wp-json\/wp\/v2\/tags?post=41032"}],"curies":[{"name":"wp","href":"https:\/\/api.w.org\/{rel}","templated":true}]}}