{"id":41031,"date":"2021-12-10T10:47:33","date_gmt":"2021-12-10T13:47:33","guid":{"rendered":"http:\/\/www.centraldenoticias.com.ar\/?p=41031"},"modified":"2021-12-10T12:23:20","modified_gmt":"2021-12-10T15:23:20","slug":"el-ceco-se-suma-al-pedido-de-un-bono-de-fin-de-ano-para-trabajadores-del-sector","status":"publish","type":"post","link":"https:\/\/cdnoticias.com\/index.php\/2021\/12\/10\/el-ceco-se-suma-al-pedido-de-un-bono-de-fin-de-ano-para-trabajadores-del-sector\/","title":{"rendered":"El CECO se suma al pedido de un bono de fin de a\u00f1o para trabajadores del sector"},"content":{"rendered":"<p>El gremio adhiri\u00f3 a la iniciativa de la Federaci\u00f3n Argentina de Empleados de Comercio y Servicios para el pago de un bono navide\u00f1o y la reapertura de la paritaria, que prev\u00e9 una revisi\u00f3n el mes pr\u00f3ximo.\u00a0<!--more--><\/p>\n<hr \/>\n<p>El <strong>Centro de Empleados de Comercio de Olavarr\u00eda (CECO) se manifest\u00f3 a favor de la iniciativa de la Federaci\u00f3n Argentina de Empleados de Comercio y Servicios (FAECyS), que reclam\u00f3 por escrito a las c\u00e1maras empresarias del sector un bono navide\u00f1o a pagarse en diciembre y la reapertura de la paritaria<\/strong>, que cerr\u00f3 en 42% anual y prev\u00e9 una revisi\u00f3n el mes pr\u00f3ximo.<\/p>\n<p>&nbsp;<\/p>\n<p>La<strong> solicitud que tom\u00f3 estado p\u00fablico a trav\u00e9s del dirigente mercantil Armando Cavalieri busca que los representantes<\/strong> de las empresas acuerden, como en a\u00f1os anteriores, otorgar una suma en concepto de \u201cgratificaci\u00f3n por las fiestas de fin de a\u00f1o\u201d para los mercantiles de todo el pa\u00eds, fundamentalmente para los trabajadores y trabajadoras de supermercados, mayoristas y grandes comercios de grandes superficies.<\/p>\n<p>&nbsp;<\/p>\n<blockquote><p>La iniciativa, seg\u00fan lo consultado, contempla una suba del 50% en el monto del bono en relaci\u00f3n al otorgado en 2020, por lo que ascender\u00eda a 12.000 pesos en esta oportunidad.<\/p><\/blockquote>\n<p>&nbsp;<\/p>\n<p>En los \u00faltimos a\u00f1os<strong> desde el CECO se promovieron este tipo de gratificaciones especiales para trabajadores y trabajadoras a trav\u00e9s del di\u00e1logo con las empresas de la ciudad y la regi\u00f3n, logrando gran adhesi\u00f3n a la medida en el a\u00f1o 2020 donde varios supermercados y comercios brindaron bonos de fin de a\u00f1o.<\/strong><\/p>\n<p>&nbsp;<\/p>\n<p><em>\u201cApuntamos con esta medida a defender el ingreso en el bolsillo de nuestros afiliados. Tanto desde el sector empleador como desde el que representamos, sabemos perfectamente que un mejor poder adquisitivo de las trabajadoras y los trabajadores redunda en mayor demanda y m\u00e1s ventas\u201d<\/em> expres\u00f3 Miguel Santell\u00e1n el secretario general del CECO.<\/p>\n<p>&nbsp;<\/p>\n<p>Hay que recordar que <strong>los empleados de comercio cobraron en noviembre la \u00faltima cuota de 9% de la paritaria, lo que arroja una suba anual 42%.<\/strong> En enero se revisar\u00e1 el trato contemplando el aumento de la inflaci\u00f3n. Los tres sectores empresarios que negocian con la Federaci\u00f3n de Empleados de Comercio son la C\u00e1mara Argentina de Comercio (CAC), la Confederaci\u00f3n Argentina de la Mediana Empresa (CAME) y la Uni\u00f3n de Entidades Comerciales Argentinas (UDECA).<\/p>\n","protected":false},"excerpt":{"rendered":"<p>El gremio adhiri\u00f3 a la iniciativa de la Federaci\u00f3n Argentina de Empleados de Comercio y Servicios para el pago de<\/p>\n","protected":false},"author":2,"featured_media":16360,"comment_status":"closed","ping_status":"closed","sticky":false,"template":"","format":"standard","meta":{"_jetpack_memberships_contains_paid_content":false,"footnotes":""},"categories":[5,1],"tags":[],"class_list":["post-41031","post","type-post","status-publish","format-standard","has-post-thumbnail","hentry","category-informacion-general","category-portada"],"jetpack_featured_media_url":"https:\/\/i0.wp.com\/cdnoticias.com\/wp-content\/uploads\/2021\/03\/miguel-santell%C3%A1n.jpg?fit=1280%2C853&ssl=1","jetpack_sharing_enabled":true,"_links":{"self":[{"href":"https:\/\/cdnoticias.com\/index.php\/wp-json\/wp\/v2\/posts\/41031","targetHints":{"allow":["GET"]}}],"collection":[{"href":"https:\/\/cdnoticias.com\/index.php\/wp-json\/wp\/v2\/posts"}],"about":[{"href":"https:\/\/cdnoticias.com\/index.php\/wp-json\/wp\/v2\/types\/post"}],"author":[{"embeddable":true,"href":"https:\/\/cdnoticias.com\/index.php\/wp-json\/wp\/v2\/users\/2"}],"replies":[{"embeddable":true,"href":"https:\/\/cdnoticias.com\/index.php\/wp-json\/wp\/v2\/comments?post=41031"}],"version-history":[{"count":0,"href":"https:\/\/cdnoticias.com\/index.php\/wp-json\/wp\/v2\/posts\/41031\/revisions"}],"wp:featuredmedia":[{"embeddable":true,"href":"https:\/\/cdnoticias.com\/index.php\/wp-json\/wp\/v2\/media\/16360"}],"wp:attachment":[{"href":"https:\/\/cdnoticias.com\/index.php\/wp-json\/wp\/v2\/media?parent=41031"}],"wp:term":[{"taxonomy":"category","embeddable":true,"href":"https:\/\/cdnoticias.com\/index.php\/wp-json\/wp\/v2\/categories?post=41031"},{"taxonomy":"post_tag","embeddable":true,"href":"https:\/\/cdnoticias.com\/index.php\/wp-json\/wp\/v2\/tags?post=41031"}],"curies":[{"name":"wp","href":"https:\/\/api.w.org\/{rel}","templated":true}]}}