{"id":41014,"date":"2021-12-10T09:46:34","date_gmt":"2021-12-10T12:46:34","guid":{"rendered":"http:\/\/www.centraldenoticias.com.ar\/?p=41014"},"modified":"2021-12-10T09:48:01","modified_gmt":"2021-12-10T12:48:01","slug":"kicillof-relanzo-su-gestion-para-salir-de-estos-seis-anos-de-crisis-de-ajuste-y-dolor","status":"publish","type":"post","link":"https:\/\/cdnoticias.com\/index.php\/2021\/12\/10\/kicillof-relanzo-su-gestion-para-salir-de-estos-seis-anos-de-crisis-de-ajuste-y-dolor\/","title":{"rendered":"Kicillof relanz\u00f3 su gesti\u00f3n para \u201csalir de estos seis a\u00f1os de crisis, de ajuste y dolor\u201d"},"content":{"rendered":"<p>El Gobernador encabez\u00f3 un acto en la localidad de Pilar donde confirm\u00f3 que habr\u00e1 nuevos ministerios. \u201cTenemos que acelerar el ritmo de los cambios y las transformaciones\u201d, sostuvo.<!--more--><\/p>\n<hr \/>\n<p><strong>El gobernador Axel Kicillof confirm\u00f3 la creaci\u00f3n de nuevos ministerios y cambios de funcionarios y relanz\u00f3 su gesti\u00f3n con un ambicioso programa que cuenta con diez compromisos<\/strong> vinculados a infraestructura, educaci\u00f3n, salud y seguridad de cara a los pr\u00f3ximos a\u00f1os.<\/p>\n<p>&nbsp;<\/p>\n<p>El mandatario bonaerense <strong>encabez\u00f3 un acto en el Microestadio Ricardo Rusticucci de Pilar<\/strong> que cont\u00f3 con la presencia de varios funcionarios nacionales y provinciales.<\/p>\n<p>&nbsp;<\/p>\n<p><iframe loading=\"lazy\" title=\"YouTube video player\" src=\"https:\/\/www.youtube.com\/embed\/wUmuc8lnfH0\" width=\"560\" height=\"315\" frameborder=\"0\" allowfullscreen=\"allowfullscreen\"><\/iframe><\/p>\n<p>&nbsp;<\/p>\n<blockquote><p>All\u00ed, Kicillof confirm\u00f3 la creaci\u00f3n de los ministerios de Ambiente (que estar\u00e1 a cargo de Daniela Vilar), Transporte (Jorge D\u00b4Onofrio), el regreso del Instituto Cultural (Florencia Saintout), y los arribos de Agustina Vila (deja Educaci\u00f3n) a la Secretar\u00eda General de Gobernaci\u00f3n y de Alberto Sileoni a Educaci\u00f3n.<\/p><\/blockquote>\n<p>&nbsp;<\/p>\n<p>El Gobernador sostuvo que cuando asumi\u00f3 hace dos a\u00f1os<strong> \u201cla provincia estaba detonada, llena de deudas y de obras paradas\u201d<\/strong> y advirti\u00f3 que en ese contexto su gesti\u00f3n tuvo que afrontar la pandemia de coronavirus.<\/p>\n<p>&nbsp;<\/p>\n<p><img data-recalc-dims=\"1\" loading=\"lazy\" decoding=\"async\" class=\"size-full wp-image-41021 aligncenter\" src=\"https:\/\/i0.wp.com\/cdnoticias.com\/wp-content\/uploads\/2021\/12\/kicillof-pilar-relanzamiento-de-gestion-DIB.jpg?resize=696%2C463&#038;ssl=1\" alt=\"\" width=\"696\" height=\"463\" srcset=\"https:\/\/i0.wp.com\/cdnoticias.com\/wp-content\/uploads\/2021\/12\/kicillof-pilar-relanzamiento-de-gestion-DIB.jpg?w=696&amp;ssl=1 696w, https:\/\/i0.wp.com\/cdnoticias.com\/wp-content\/uploads\/2021\/12\/kicillof-pilar-relanzamiento-de-gestion-DIB.jpg?resize=300%2C200&amp;ssl=1 300w, https:\/\/i0.wp.com\/cdnoticias.com\/wp-content\/uploads\/2021\/12\/kicillof-pilar-relanzamiento-de-gestion-DIB.jpg?resize=272%2C182&amp;ssl=1 272w\" sizes=\"auto, (max-width: 696px) 100vw, 696px\" \/><\/p>\n<p>&nbsp;<\/p>\n<p>Consider\u00f3 que \u201cla situaci\u00f3n de la provincia hoy es intolerable\u201d por las desigualdades sociales. <strong>\u201cTenemos una provincia rica, pero tenemos un Estado pobre\u201d, sostuvo<\/strong>. Por eso llam\u00f3 a \u201creparar, reconstruir y transformar\u201d para \u201csalir de estos seis a\u00f1os de crisis, de ajuste y dolor\u201d.<\/p>\n<p>&nbsp;<\/p>\n<blockquote><p>Kicillof destac\u00f3 que \u201ctenemos el 85% de nuestro pueblo protegido por la vacuna\u201d lo que permite \u201ccerrar la etapa\u201d del \u201cgobierno de emergencia\u201d. \u201cTenemos que acelerar el ritmo de los cambios y las transformaciones\u201d, agreg\u00f3.<\/p><\/blockquote>\n<p>&nbsp;<\/p>\n<p><img data-recalc-dims=\"1\" loading=\"lazy\" decoding=\"async\" class=\"size-full wp-image-41025 aligncenter\" src=\"https:\/\/i0.wp.com\/cdnoticias.com\/wp-content\/uploads\/2021\/12\/kicillof-pilar-relanzamiento-de-gestion-01.jpg?resize=800%2C445&#038;ssl=1\" alt=\"\" width=\"800\" height=\"445\" srcset=\"https:\/\/i0.wp.com\/cdnoticias.com\/wp-content\/uploads\/2021\/12\/kicillof-pilar-relanzamiento-de-gestion-01.jpg?w=800&amp;ssl=1 800w, https:\/\/i0.wp.com\/cdnoticias.com\/wp-content\/uploads\/2021\/12\/kicillof-pilar-relanzamiento-de-gestion-01.jpg?resize=300%2C167&amp;ssl=1 300w, https:\/\/i0.wp.com\/cdnoticias.com\/wp-content\/uploads\/2021\/12\/kicillof-pilar-relanzamiento-de-gestion-01.jpg?resize=768%2C427&amp;ssl=1 768w\" sizes=\"auto, (max-width: 800px) 100vw, 800px\" \/><\/p>\n<p>&nbsp;<\/p>\n<p><strong>Los puntos m\u00e1s importantes<\/strong><\/p>\n<p>&nbsp;<\/p>\n<p>El mandatario<strong> present\u00f3 el plan 6X6<\/strong>, que cuenta con una serie de diez compromisos vinculados a infraestructura, educaci\u00f3n, salud y seguridad<strong> para salir de \u201cseis a\u00f1os de crisis\u201d con \u201cseis a\u00f1os de recuperaci\u00f3n, reparaci\u00f3n y transformaci\u00f3n\u201d<\/strong>.<\/p>\n<p>&nbsp;<\/p>\n<p>\u201cAspiramos a pol\u00edticas que duren en el tiempo y que sigan un rumbo claro. Confiamos en que se vienen a\u00f1os de <strong>mayor actividad y crecimiento econ\u00f3mico<\/strong>\u201d, asegur\u00f3.<\/p>\n<p>&nbsp;<\/p>\n<blockquote class=\"twitter-tweet\">\n<p dir=\"ltr\" lang=\"es\">Nos encontramos en un momento bisagra, 6 a\u00f1os de crisis y p\u00e9rdidas tienen que ser superados por 6 a\u00f1os de recuperaci\u00f3n, reparaci\u00f3n y transformaci\u00f3n. Hoy lanzamos el PLAN 6X6, DE RECONSTRUCCI\u00d3N Y TRANSFORMACI\u00d3N. Aspiramos a pol\u00edticas que duren en el tiempo con un rumbo claro. <a href=\"https:\/\/t.co\/4MREvMo6o5\">pic.twitter.com\/4MREvMo6o5<\/a><\/p>\n<p>\u2014 Axel Kicillof (@Kicillofok) <a href=\"https:\/\/twitter.com\/Kicillofok\/status\/1469084577943543819?ref_src=twsrc%5Etfw\">December 9, 2021<\/a><\/p><\/blockquote>\n<p><script async src=\"https:\/\/platform.twitter.com\/widgets.js\" charset=\"utf-8\"><\/script><\/p>\n<p>&nbsp;<\/p>\n<p>En este marco, Kicillof anunci\u00f3 que la idea es avanzar en la pavimientaci\u00f3n de 100 mil cuadras en los pr\u00f3ximos seis a\u00f1os <strong>en el conurbano bonaerense,<\/strong> con 10 mil en 2022 y 20 mil en 2023.<\/p>\n<p>&nbsp;<\/p>\n<p>Otro compromiso que destac\u00f3 es el de la <strong>reparaci\u00f3n de todas las escuelas, los hospitales y los registros civiles, y la construcci\u00f3n de Casas de la Provincia, <\/strong><a href=\"https:\/\/cdnoticias.com\/index.php\/2021\/09\/21\/por-1716-millones-de-pesos-se-adjudico-la-construccion-de-la-casa-de-la-provincia\/\" target=\"_blank\" rel=\"noopener\">la cual para Olavarr\u00eda ya se licit\u00f3<\/a>.<\/p>\n<p>&nbsp;<\/p>\n<figure id=\"attachment_41022\" aria-describedby=\"caption-attachment-41022\" style=\"width: 600px\" class=\"wp-caption aligncenter\"><img data-recalc-dims=\"1\" loading=\"lazy\" decoding=\"async\" class=\"wp-image-41022\" src=\"https:\/\/i0.wp.com\/cdnoticias.com\/wp-content\/uploads\/2021\/12\/Kicillof-nuevos-funcionarios-provinciales-DIB.jpg?resize=600%2C540&#038;ssl=1\" alt=\"\" width=\"600\" height=\"540\" srcset=\"https:\/\/i0.wp.com\/cdnoticias.com\/wp-content\/uploads\/2021\/12\/Kicillof-nuevos-funcionarios-provinciales-DIB.jpg?w=715&amp;ssl=1 715w, https:\/\/i0.wp.com\/cdnoticias.com\/wp-content\/uploads\/2021\/12\/Kicillof-nuevos-funcionarios-provinciales-DIB.jpg?resize=300%2C270&amp;ssl=1 300w\" sizes=\"auto, (max-width: 600px) 100vw, 600px\" \/><figcaption id=\"caption-attachment-41022\" class=\"wp-caption-text\">Los nuevos funcionarios en el Gabinete provincial.<\/figcaption><\/figure>\n<p>&nbsp;<\/p>\n<blockquote><p>\u201cEn los pr\u00f3ximos dos a\u00f1os habr\u00e1 reparaciones en 6 mil escuelas, 39 hospitales, 87 centros de salud y 186 registros civiles\u201d, sostuvo.<\/p><\/blockquote>\n<p>&nbsp;<\/p>\n<p>Kicillof tambi\u00e9n habl\u00f3 de un <strong>programa de \u201cintegraci\u00f3n provincial, arraigo y desarrollo local\u201d<\/strong> por el que se mejorar\u00e1 la conectividad rural con obras y financiamiento de maquinarias y se fomentar\u00e1 la instalaci\u00f3n de centros universitarios en el interior, entre otros puntos.<\/p>\n<p>&nbsp;<\/p>\n<figure id=\"attachment_41023\" aria-describedby=\"caption-attachment-41023\" style=\"width: 600px\" class=\"wp-caption aligncenter\"><img data-recalc-dims=\"1\" loading=\"lazy\" decoding=\"async\" class=\"wp-image-41023\" src=\"https:\/\/i0.wp.com\/cdnoticias.com\/wp-content\/uploads\/2021\/12\/Agustina-Vila-DIB.jpg?resize=600%2C460&#038;ssl=1\" alt=\"\" width=\"600\" height=\"460\" srcset=\"https:\/\/i0.wp.com\/cdnoticias.com\/wp-content\/uploads\/2021\/12\/Agustina-Vila-DIB.jpg?w=696&amp;ssl=1 696w, https:\/\/i0.wp.com\/cdnoticias.com\/wp-content\/uploads\/2021\/12\/Agustina-Vila-DIB.jpg?resize=300%2C230&amp;ssl=1 300w\" sizes=\"auto, (max-width: 600px) 100vw, 600px\" \/><figcaption id=\"caption-attachment-41023\" class=\"wp-caption-text\">Cambio de funciones para Agustina Vila: pasa al Ministerio de Gobierno.<\/figcaption><\/figure>\n<p>&nbsp;<\/p>\n<p>En materia de seguridad prometi\u00f3 <strong>\u201cduplicar la cantidad de polic\u00edas en el conurbano\u201d<\/strong> con la formaci\u00f3n de 20 mil en 2022 y otros 20 mil en 2023.<\/p>\n<p>&nbsp;<\/p>\n<p>Tambi\u00e9n se comprometi\u00f3 a <strong>mejorar la cobertura de IOMA<\/strong> y pasar de 7 mil m\u00e9dicos a 10 mil en 2023. Anunci\u00f3 la creaci\u00f3n de 200 nuevos policonsultorios de la mutual y el avance en la digitalizaci\u00f3n de tr\u00e1mites.<\/p>\n<p>&nbsp;<\/p>\n<p>El mandatario tambi\u00e9n habl\u00f3 de un<strong> \u201cplan de formaci\u00f3n laboral de j\u00f3venes\u201d<\/strong> y de \u201cseguir impulsando\u201d las pr\u00e1cticas de trabajo para quienes concurren a escuelas t\u00e9cnicas.<strong> \u201cA cada uno de los chicos que se reciba vamos a entregarle una computadora personal de la provincia\u201d<\/strong>, asegur\u00f3.<\/p>\n<p>&nbsp;<\/p>\n<blockquote class=\"twitter-tweet\">\n<p dir=\"ltr\" lang=\"es\">Adem\u00e1s, quiero anunciar la creaci\u00f3n de tres nuevos ministerios, lo cual significa jerarquizar esas \u00e1reas y esas tem\u00e1ticas.<\/p>\n<p>En primer lugar, vamos a reflotar el Instituto Cultural, que quedar\u00e1 a cargo de la compa\u00f1era <a href=\"https:\/\/twitter.com\/fsaintout?ref_src=twsrc%5Etfw\">@fsaintout<\/a>. <a href=\"https:\/\/t.co\/9d5gMEqT9u\">pic.twitter.com\/9d5gMEqT9u<\/a><\/p>\n<p>\u2014 Axel Kicillof (@Kicillofok) <a href=\"https:\/\/twitter.com\/Kicillofok\/status\/1469102761790693376?ref_src=twsrc%5Etfw\">December 10, 2021<\/a><\/p><\/blockquote>\n<p><script async src=\"https:\/\/platform.twitter.com\/widgets.js\" charset=\"utf-8\"><\/script><\/p>\n<p>&nbsp;<\/p>\n<p>Asimismo, hizo <strong>anuncios vinculados al turismo<\/strong> para fomentar \u201cdestinos no tradicionales\u201d y del Banco Provincia para fomentar la industria y fortalecer el empleo.<\/p>\n<p>&nbsp;<\/p>\n<p>Adem\u00e1s, Kicillof dijo que su gesti\u00f3n va a \u201cgarantizar el ejercicio del <strong>derecho a una educaci\u00f3n de calidad<\/strong> desde los 3 a\u00f1os hasta la finalizaci\u00f3n del nivel secundario\u201d.<\/p>\n<p>&nbsp;<\/p>\n<blockquote><p>\u201cMuchas de las iniciativas de este plan van a ser enviadas al parlamento bonaerense. El objetivo de este Gobierno es que la responsabilidad sea de todos\u201d, se\u00f1al\u00f3.<\/p><\/blockquote>\n<p>&nbsp;<\/p>\n<p>Fuente: <em>Agencia DIB<\/em><\/p>\n","protected":false},"excerpt":{"rendered":"<p>El Gobernador encabez\u00f3 un acto en la localidad de Pilar donde confirm\u00f3 que habr\u00e1 nuevos ministerios. \u201cTenemos que acelerar el<\/p>\n","protected":false},"author":4,"featured_media":41026,"comment_status":"closed","ping_status":"closed","sticky":false,"template":"","format":"standard","meta":{"_jetpack_memberships_contains_paid_content":false,"footnotes":""},"categories":[6,1],"tags":[],"class_list":["post-41014","post","type-post","status-publish","format-standard","has-post-thumbnail","hentry","category-nacionales","category-portada"],"jetpack_featured_media_url":"https:\/\/i0.wp.com\/cdnoticias.com\/wp-content\/uploads\/2021\/12\/kicillof-pilar-relanzamiento-de-gestion-00.jpg?fit=800%2C445&ssl=1","jetpack_sharing_enabled":true,"_links":{"self":[{"href":"https:\/\/cdnoticias.com\/index.php\/wp-json\/wp\/v2\/posts\/41014","targetHints":{"allow":["GET"]}}],"collection":[{"href":"https:\/\/cdnoticias.com\/index.php\/wp-json\/wp\/v2\/posts"}],"about":[{"href":"https:\/\/cdnoticias.com\/index.php\/wp-json\/wp\/v2\/types\/post"}],"author":[{"embeddable":true,"href":"https:\/\/cdnoticias.com\/index.php\/wp-json\/wp\/v2\/users\/4"}],"replies":[{"embeddable":true,"href":"https:\/\/cdnoticias.com\/index.php\/wp-json\/wp\/v2\/comments?post=41014"}],"version-history":[{"count":0,"href":"https:\/\/cdnoticias.com\/index.php\/wp-json\/wp\/v2\/posts\/41014\/revisions"}],"wp:featuredmedia":[{"embeddable":true,"href":"https:\/\/cdnoticias.com\/index.php\/wp-json\/wp\/v2\/media\/41026"}],"wp:attachment":[{"href":"https:\/\/cdnoticias.com\/index.php\/wp-json\/wp\/v2\/media?parent=41014"}],"wp:term":[{"taxonomy":"category","embeddable":true,"href":"https:\/\/cdnoticias.com\/index.php\/wp-json\/wp\/v2\/categories?post=41014"},{"taxonomy":"post_tag","embeddable":true,"href":"https:\/\/cdnoticias.com\/index.php\/wp-json\/wp\/v2\/tags?post=41014"}],"curies":[{"name":"wp","href":"https:\/\/api.w.org\/{rel}","templated":true}]}}