{"id":41011,"date":"2021-12-10T09:00:17","date_gmt":"2021-12-10T12:00:17","guid":{"rendered":"http:\/\/www.centraldenoticias.com.ar\/?p=41011"},"modified":"2021-12-10T10:51:05","modified_gmt":"2021-12-10T13:51:05","slug":"el-titular-de-bomberos-fue-traslado-a-un-centro-de-salud-en-capital","status":"publish","type":"post","link":"https:\/\/cdnoticias.com\/index.php\/2021\/12\/10\/el-titular-de-bomberos-fue-traslado-a-un-centro-de-salud-en-capital\/","title":{"rendered":"El titular de Bomberos fue traslado a un centro de salud en Capital"},"content":{"rendered":"<p>El empresario Hugo Fayanas continuar\u00e1 su tratamiento y evoluci\u00f3n en el Instituto Fleni. Desde Bomberos se inform\u00f3 que se brindar\u00e1 un parte diario sobre la evoluci\u00f3n del presidente.<!--more--><\/p>\n<hr \/>\n<p><strong>El empresario olavarriense Hugo Fayanas fue trasladado a un centro de salud en Capital para continuar con su tratamiento<\/strong>. La novedad se dio a conocer a \u00faltima hora del jueves <strong>a trav\u00e9s de la Asociaci\u00f3n de Bomberos Voluntarios de Olavarr\u00eda<\/strong>, entidad que preside.<\/p>\n<p>&nbsp;<\/p>\n<blockquote><p>Se inform\u00f3 que \u201cel se\u00f1or Presidente de la instituci\u00f3n, Hugo Fayanas, como consecuencia de las lesiones sufridas en el accidente domiciliario fue trasladado en ambulancia privada al Instituto Fleni en la Ciudad Aut\u00f3noma de Buenos Aires con el objetivo de continuar el tratamiento del cuadro actual y su recuperaci\u00f3n\u201d.<\/p><\/blockquote>\n<p>&nbsp;<\/p>\n<p>Se record\u00f3 que <a href=\"https:\/\/cdnoticias.com\/index.php\/2021\/12\/08\/el-presidente-de-la-asociacion-de-bomberos-sufrio-un-grave-accidente-domestico\/\" target=\"_blank\" rel=\"noopener\">el accidente se dio el d\u00eda mi\u00e9rcoles<\/a>. \u201cTodo lo mencionado es <strong>a ra\u00edz la ca\u00edda sufrida desde la altura<\/strong> por ende comunicamos que el estado de salud de Hugo Fayanas se ve comprometida <strong>por una fractura de cr\u00e1neo con desplazamiento de v\u00e9rtebra dorsal<\/strong>\u201d se explic\u00f3.<\/p>\n<p>&nbsp;<\/p>\n<p>La entidad adelant\u00f3 que \u201cpara resguardar la informaci\u00f3n sobre su evoluci\u00f3n y estado de salud <strong>desde la instituci\u00f3n se dar\u00e1 un parte diario<\/strong> a los medios de prensa y comunicaci\u00f3n\u201d.<\/p>\n<p>&nbsp;<\/p>\n<p>En ese marco, se destac\u00f3 que<strong> \u201clos integrantes del Consejo Directivo y Cuerpo Activo acompa\u00f1an y esperan una pronta recuperaci\u00f3n\u201d<\/strong>. En ese marco, el comandante general Ra\u00fal Andr\u00e9s Ferreira, agradeci\u00f3 \u201cprofundamente a todas las instituciones y personas que permanentemente se comunican para conocer el estado de salud del se\u00f1or Presidente de la Instituci\u00f3n\u201d.<\/p>\n<p>&nbsp;<\/p>\n<p>Finalmente, dej\u00f3 \u201cpalabras de <em>reconocimiento y agradecimiento al intendente municipal Ezequiel Galli, al Secretario de Salud German Caputo, m\u00e9dicos del Hospital Municipal, personal de guardia y Terapia Intensiva<\/em> por su preocupaci\u00f3n y atenci\u00f3n\u201d.<\/p>\n","protected":false},"excerpt":{"rendered":"<p>El empresario Hugo Fayanas continuar\u00e1 su tratamiento y evoluci\u00f3n en el Instituto Fleni. Desde Bomberos se inform\u00f3 que se brindar\u00e1<\/p>\n","protected":false},"author":4,"featured_media":37891,"comment_status":"closed","ping_status":"closed","sticky":false,"template":"","format":"standard","meta":{"_jetpack_memberships_contains_paid_content":false,"footnotes":""},"categories":[5,1],"tags":[],"class_list":["post-41011","post","type-post","status-publish","format-standard","has-post-thumbnail","hentry","category-informacion-general","category-portada"],"jetpack_featured_media_url":"https:\/\/i0.wp.com\/cdnoticias.com\/wp-content\/uploads\/2021\/11\/cena-solidaria-04.jpg?fit=800%2C445&ssl=1","jetpack_sharing_enabled":true,"_links":{"self":[{"href":"https:\/\/cdnoticias.com\/index.php\/wp-json\/wp\/v2\/posts\/41011","targetHints":{"allow":["GET"]}}],"collection":[{"href":"https:\/\/cdnoticias.com\/index.php\/wp-json\/wp\/v2\/posts"}],"about":[{"href":"https:\/\/cdnoticias.com\/index.php\/wp-json\/wp\/v2\/types\/post"}],"author":[{"embeddable":true,"href":"https:\/\/cdnoticias.com\/index.php\/wp-json\/wp\/v2\/users\/4"}],"replies":[{"embeddable":true,"href":"https:\/\/cdnoticias.com\/index.php\/wp-json\/wp\/v2\/comments?post=41011"}],"version-history":[{"count":0,"href":"https:\/\/cdnoticias.com\/index.php\/wp-json\/wp\/v2\/posts\/41011\/revisions"}],"wp:featuredmedia":[{"embeddable":true,"href":"https:\/\/cdnoticias.com\/index.php\/wp-json\/wp\/v2\/media\/37891"}],"wp:attachment":[{"href":"https:\/\/cdnoticias.com\/index.php\/wp-json\/wp\/v2\/media?parent=41011"}],"wp:term":[{"taxonomy":"category","embeddable":true,"href":"https:\/\/cdnoticias.com\/index.php\/wp-json\/wp\/v2\/categories?post=41011"},{"taxonomy":"post_tag","embeddable":true,"href":"https:\/\/cdnoticias.com\/index.php\/wp-json\/wp\/v2\/tags?post=41011"}],"curies":[{"name":"wp","href":"https:\/\/api.w.org\/{rel}","templated":true}]}}