{"id":40996,"date":"2021-12-09T19:36:14","date_gmt":"2021-12-09T22:36:14","guid":{"rendered":"http:\/\/www.centraldenoticias.com.ar\/?p=40996"},"modified":"2021-12-09T19:36:14","modified_gmt":"2021-12-09T22:36:14","slug":"paritaria-2021-provincia-propuso-a-los-docentes-completar-una-suba-anual-del-54","status":"publish","type":"post","link":"https:\/\/cdnoticias.com\/index.php\/2021\/12\/09\/paritaria-2021-provincia-propuso-a-los-docentes-completar-una-suba-anual-del-54\/","title":{"rendered":"Paritaria 2021: Provincia propuso a los docentes completar una suba anual del 54%"},"content":{"rendered":"<p>El incremento propuesto se suma a los ya otorgados, de manera acumulada, del 14% en marzo, del 30% en julio, del 35% en septiembre; del 39,6% en octubre y del 45,5% en noviembre. La propuesta ser\u00e1 analizada por las bases.<!--more--><\/p>\n<hr \/>\n<p>El ministro de Hacienda y Finanzas, Pablo L\u00f3pez; la ministra de Trabajo, Mara Ruiz Malec; la directora general de Cultura y Educaci\u00f3n, Agustina Vila; y el subsecretario de Empleo P\u00fablico y Gesti\u00f3n de Bienes, Daniel Lorea, se reunieron este jueves con las y los representantes de los gremios docentes para retomar la mesa paritaria del sector, donde<strong> el gobierno provincial propuso un nuevo incremento alcanzando una suba acumulada anual del 53,9%.<\/strong><\/p>\n<p>&nbsp;<\/p>\n<p>Luego del encuentro,<strong> el Ministro Pablo L\u00f3pez<\/strong> remarc\u00f3 que: &#8220;nuestra intenci\u00f3n es que los y las docentes puedan recibir antes de fin de a\u00f1o un nuevo incremento a los ya dados, de manera acumulada, del 14% en marzo, del 30% en julio, del 35% en septiembre; del 39,6% en octubre y del 45,5% en noviembre. <strong>En particular, esta nueva propuesta, conlleva un salto de calidad ya que impacta en el salario b\u00e1sico, dando respuesta a una de las demandas expresadas por los gremios a lo largo del a\u00f1o<\/strong>\u201d.<\/p>\n<p>&nbsp;<\/p>\n<p>Por su parte,<strong> la ministra Ruiz Malec<\/strong> asegur\u00f3 qu\u00e9: \u201cesperamos con esta propuesta poder cerrar el a\u00f1o paritario 2021. S<strong>eguiremos trabajando en 2022 por una educaci\u00f3n p\u00fablica de calidad con todos los gremios docentes<\/strong>&#8220;.<\/p>\n<p>&nbsp;<\/p>\n<p>En tanto, <strong>la directora general de Cultura y Educaci\u00f3n, Agustina Vila<\/strong>, manifest\u00f3 que: &#8220;desde el Gobierno provincial entendemos que garantizar el derecho social a la educaci\u00f3n para todas y todos los bonaerenses requiere inversi\u00f3n y espacios permanentes de di\u00e1logo y escucha como los que mantenemos con las y los trabajadores de la educaci\u00f3n desde el primer d\u00eda de gesti\u00f3n. Gracias al esfuerzo conjunto pudimos afrontar los diversos desaf\u00edos que se han presentado en este tiempo, mejorar las condiciones laborales y tambi\u00e9n, alcanzar acuerdos que hacen posible mejorar el salario docente&#8221;.<\/p>\n<p>&nbsp;<\/p>\n<p>Seg\u00fan indicaron desde el gobierno, la propuesta tuvo buena recepci\u00f3n entre los representantes gremiales y la llevar\u00e1n para<strong> ponerla a consideraci\u00f3n de las bases.<\/strong><\/p>\n<p>&nbsp;<\/p>\n<p>Participaron de la reuni\u00f3n representantes gremiales de SUTEBA, FEB, UDOCBA, UDA, AMET, SADOP, ATE y UPCN. Tambi\u00e9n participaron por la Direcci\u00f3n General de Cultura y Educaci\u00f3n, la subsecretar\u00eda de Administraci\u00f3n y Recursos Humanos, Ver\u00f3nica Ferraris; y por el Ministerio de Trabajo, el subsecretario de Relaciones del Trabajo, Leandro Macia.<\/p>\n","protected":false},"excerpt":{"rendered":"<p>El incremento propuesto se suma a los ya otorgados, de manera acumulada, del 14% en marzo, del 30% en julio,<\/p>\n","protected":false},"author":5,"featured_media":40997,"comment_status":"closed","ping_status":"closed","sticky":false,"template":"","format":"standard","meta":{"_jetpack_memberships_contains_paid_content":false,"footnotes":""},"categories":[6,1],"tags":[],"class_list":["post-40996","post","type-post","status-publish","format-standard","has-post-thumbnail","hentry","category-nacionales","category-portada"],"jetpack_featured_media_url":"https:\/\/i0.wp.com\/cdnoticias.com\/wp-content\/uploads\/2021\/12\/WhatsApp-Image-2021-12-09-at-17.06.24.jpeg?fit=700%2C403&ssl=1","jetpack_sharing_enabled":true,"_links":{"self":[{"href":"https:\/\/cdnoticias.com\/index.php\/wp-json\/wp\/v2\/posts\/40996","targetHints":{"allow":["GET"]}}],"collection":[{"href":"https:\/\/cdnoticias.com\/index.php\/wp-json\/wp\/v2\/posts"}],"about":[{"href":"https:\/\/cdnoticias.com\/index.php\/wp-json\/wp\/v2\/types\/post"}],"author":[{"embeddable":true,"href":"https:\/\/cdnoticias.com\/index.php\/wp-json\/wp\/v2\/users\/5"}],"replies":[{"embeddable":true,"href":"https:\/\/cdnoticias.com\/index.php\/wp-json\/wp\/v2\/comments?post=40996"}],"version-history":[{"count":0,"href":"https:\/\/cdnoticias.com\/index.php\/wp-json\/wp\/v2\/posts\/40996\/revisions"}],"wp:featuredmedia":[{"embeddable":true,"href":"https:\/\/cdnoticias.com\/index.php\/wp-json\/wp\/v2\/media\/40997"}],"wp:attachment":[{"href":"https:\/\/cdnoticias.com\/index.php\/wp-json\/wp\/v2\/media?parent=40996"}],"wp:term":[{"taxonomy":"category","embeddable":true,"href":"https:\/\/cdnoticias.com\/index.php\/wp-json\/wp\/v2\/categories?post=40996"},{"taxonomy":"post_tag","embeddable":true,"href":"https:\/\/cdnoticias.com\/index.php\/wp-json\/wp\/v2\/tags?post=40996"}],"curies":[{"name":"wp","href":"https:\/\/api.w.org\/{rel}","templated":true}]}}