{"id":40956,"date":"2021-12-10T08:24:07","date_gmt":"2021-12-10T11:24:07","guid":{"rendered":"http:\/\/www.centraldenoticias.com.ar\/?p=40956"},"modified":"2021-12-10T08:24:07","modified_gmt":"2021-12-10T11:24:07","slug":"campana-de-vacunacion-antirrabica-ultima-fecha-del-ano","status":"publish","type":"post","link":"https:\/\/cdnoticias.com\/index.php\/2021\/12\/10\/campana-de-vacunacion-antirrabica-ultima-fecha-del-ano\/","title":{"rendered":"Campa\u00f1a de vacunaci\u00f3n antirr\u00e1bica: \u00faltima fecha del a\u00f1o"},"content":{"rendered":"<p>Ser\u00e1 este s\u00e1bado 11 de diciembre, de 9:30 a 13:00, en el Parque Helios Eseverri.<!--more--><\/p>\n<hr \/>\n<p>La Direcci\u00f3n de Bromatolog\u00eda inform\u00f3 que se llevar\u00e1 a cabo la \u00faltima jornada del calendario de <strong>Vacunaci\u00f3n Antirr\u00e1bica 2021<\/strong>; la cual fuera reprogramada debido a las desfavorables condiciones clim\u00e1ticas.<\/p>\n<p>&nbsp;<\/p>\n<p>Se llevar\u00e1 a cabo este <strong>s\u00e1bado 11 de diciembre, de 9:30 a 13:00 horas, en el Parque Helios Eseverri<\/strong> (en el sector de Av. Trabajadores y Alsina). Invitaron a acercarse con sus mascotas a todas aquellas personas que no han podido presentarse previamente.<\/p>\n<p>&nbsp;<\/p>\n<p><strong>La vacuna antirr\u00e1bica es anual y obligatoria.<\/strong> En esta campa\u00f1a municipal la inmunizaci\u00f3n es gratuita y no requiere turno, s\u00f3lo se solicita que las mascotas sean trasladadas por un adulto, con collar, correa y bozal de ser necesario en el caso de los caninos, y en jaula o bolso en el caso de los felinos. Se requiere adem\u00e1s que las personas que concurran a los puestos de vacunaci\u00f3n lo hagan con barbijo o tapabocas y que se respete la distancia social.<\/p>\n<p>&nbsp;<\/p>\n<p>La vacunaci\u00f3n de los animales y la<strong> tenencia responsable de mascotas<\/strong> es un punto clave para la prevenci\u00f3n de la enfermedad.<\/p>\n<p>&nbsp;<\/p>\n","protected":false},"excerpt":{"rendered":"<p>Ser\u00e1 este s\u00e1bado 11 de diciembre, de 9:30 a 13:00, en el Parque Helios Eseverri.<\/p>\n","protected":false},"author":5,"featured_media":3689,"comment_status":"closed","ping_status":"closed","sticky":false,"template":"","format":"standard","meta":{"_jetpack_memberships_contains_paid_content":false,"footnotes":""},"categories":[5,1],"tags":[],"class_list":["post-40956","post","type-post","status-publish","format-standard","has-post-thumbnail","hentry","category-informacion-general","category-portada"],"jetpack_featured_media_url":"https:\/\/i0.wp.com\/cdnoticias.com\/wp-content\/uploads\/2020\/10\/vacunacion-antirrabica-lila-03.jpg?fit=1004%2C568&ssl=1","jetpack_sharing_enabled":true,"_links":{"self":[{"href":"https:\/\/cdnoticias.com\/index.php\/wp-json\/wp\/v2\/posts\/40956","targetHints":{"allow":["GET"]}}],"collection":[{"href":"https:\/\/cdnoticias.com\/index.php\/wp-json\/wp\/v2\/posts"}],"about":[{"href":"https:\/\/cdnoticias.com\/index.php\/wp-json\/wp\/v2\/types\/post"}],"author":[{"embeddable":true,"href":"https:\/\/cdnoticias.com\/index.php\/wp-json\/wp\/v2\/users\/5"}],"replies":[{"embeddable":true,"href":"https:\/\/cdnoticias.com\/index.php\/wp-json\/wp\/v2\/comments?post=40956"}],"version-history":[{"count":0,"href":"https:\/\/cdnoticias.com\/index.php\/wp-json\/wp\/v2\/posts\/40956\/revisions"}],"wp:featuredmedia":[{"embeddable":true,"href":"https:\/\/cdnoticias.com\/index.php\/wp-json\/wp\/v2\/media\/3689"}],"wp:attachment":[{"href":"https:\/\/cdnoticias.com\/index.php\/wp-json\/wp\/v2\/media?parent=40956"}],"wp:term":[{"taxonomy":"category","embeddable":true,"href":"https:\/\/cdnoticias.com\/index.php\/wp-json\/wp\/v2\/categories?post=40956"},{"taxonomy":"post_tag","embeddable":true,"href":"https:\/\/cdnoticias.com\/index.php\/wp-json\/wp\/v2\/tags?post=40956"}],"curies":[{"name":"wp","href":"https:\/\/api.w.org\/{rel}","templated":true}]}}