{"id":40941,"date":"2021-12-11T09:34:31","date_gmt":"2021-12-11T12:34:31","guid":{"rendered":"http:\/\/www.centraldenoticias.com.ar\/?p=40941"},"modified":"2021-12-11T11:11:43","modified_gmt":"2021-12-11T14:11:43","slug":"arrebatando-lagrimas-festeja-22-anos-de-construccion-colectiva","status":"publish","type":"post","link":"https:\/\/cdnoticias.com\/index.php\/2021\/12\/11\/arrebatando-lagrimas-festeja-22-anos-de-construccion-colectiva\/","title":{"rendered":"Arrebatando L\u00e1grimas festeja 22 a\u00f1os de construcci\u00f3n colectiva"},"content":{"rendered":"<p>La mutual de arte celebrar\u00e1 el pr\u00f3ximo domingo 12 de diciembre un nuevo aniversario. Ser\u00e1 en Rufino Fal y Chiclana a las 19:30.<!--more--><\/p>\n<hr \/>\n<p align=\"center\"><em>\u201c22 carnavales que nos encuentra y nos alegra. 22 carnavales que construimos fiesta popular. 22 carnavales sembrando en cada barrio, en cada rinc\u00f3n de la ciudad y en cada pueblo. 22 carnavales porque creemos que l@ cura es el carnaval. 22 carnavales que se siente nuestro latido. 22 carnavales que acobija murguerxs de nuestra ciudad\u201d.<\/em><\/p>\n<p>&nbsp;<\/p>\n<p>La mutual de arte popular murga Arrebatando L\u00e1grimas se prepara para festejar 22 a\u00f1os de construcci\u00f3n colectiva y lucha constante y vigente por el carnaval olavarriense. Lo har\u00e1 con la presentaci\u00f3n del espect\u00e1culo<strong> \u201cL@ cura es el carnaval\u201d<\/strong> como cierre del tiempo extraordinario que nos toca vivir en el planeta.<\/p>\n<p>&nbsp;<\/p>\n<p>La cita ser\u00e1 el<strong> domingo 12 de diciembre a las 19:30 en Rufino Fal y Chiclana, en el terreno donde la agrupaci\u00f3n proyecta su centro cultural comunitario.<\/strong><\/p>\n<p>&nbsp;<\/p>\n<p>Ante la pandemia Covid-19 <strong>la agrupaci\u00f3n carnavalera nunca dej\u00f3 su accionar<\/strong>, redireccionando las actividades hacia la ayuda comunitaria en m\u00faltiples aspectos y continuando las actividades de forma virtual como tambi\u00e9n con peque\u00f1as intervenciones cuando las posibilidades y condiciones nos permitieron.<\/p>\n<p>&nbsp;<\/p>\n<blockquote><p>Como s\u00edmbolo de renacer este domingo la agrupaci\u00f3n festejar\u00e1 exactamente 22 a\u00f1os de presentaciones constantes y diversas entre alegr\u00eda, proclamas y muchos latidos con el resonar de los tambores y vibrar de los cuerpos en danza.<\/p><\/blockquote>\n<p>&nbsp;<\/p>\n<p>Desde la agrupaci\u00f3n se invit\u00f3 a los vecinos y vecinas de la ciudad a asistir con sillas o reposeras. Adem\u00e1s, indicaron que el evento contara con cantina para poder sostener la inversi\u00f3n que realizar\u00e1n con la presentaci\u00f3n.<\/p>\n<p>&nbsp;<\/p>\n<p><img data-recalc-dims=\"1\" loading=\"lazy\" decoding=\"async\" class=\"alignnone size-full wp-image-40944\" src=\"https:\/\/i0.wp.com\/cdnoticias.com\/wp-content\/uploads\/2021\/12\/19.jpg?resize=800%2C533&#038;ssl=1\" alt=\"\" width=\"800\" height=\"533\" srcset=\"https:\/\/i0.wp.com\/cdnoticias.com\/wp-content\/uploads\/2021\/12\/19.jpg?w=960&amp;ssl=1 960w, https:\/\/i0.wp.com\/cdnoticias.com\/wp-content\/uploads\/2021\/12\/19.jpg?resize=300%2C200&amp;ssl=1 300w, https:\/\/i0.wp.com\/cdnoticias.com\/wp-content\/uploads\/2021\/12\/19.jpg?resize=768%2C512&amp;ssl=1 768w, https:\/\/i0.wp.com\/cdnoticias.com\/wp-content\/uploads\/2021\/12\/19.jpg?resize=272%2C182&amp;ssl=1 272w\" sizes=\"auto, (max-width: 800px) 100vw, 800px\" \/><\/p>\n<p>&nbsp;<\/p>\n<p><strong>Un poco de historia<\/strong><\/p>\n<p>&nbsp;<\/p>\n<p>La Mutual de Arte Popular Murga Arrebatando L\u00e1grimas es una agrupaci\u00f3n carnavalera de 22 a\u00f1os de existencia. Dicha murga <strong>se form\u00f3 en el a\u00f1o 1999<\/strong> y est\u00e1 integrada actualmente por un cuerpo de percusi\u00f3n, cuerpo de bailarines, mascotas, actores que interpretan personajes, coro y colaboradores.<\/p>\n<p>&nbsp;<\/p>\n<p>Tambi\u00e9n cuenta con elementos de fantas\u00eda como <strong>mu\u00f1ecos, estandartes, pancartas, banderas, sombrillas.<\/strong><\/p>\n<p>&nbsp;<\/p>\n<p><strong>Tuvo su primera presentaci\u00f3n el 12 de diciembre de 1999<\/strong> en el marco de la muestra de cuadros callejeros &#8220;Pedazos&#8221;, que form\u00f3 parte de la exposici\u00f3n &#8220;Resignificaciones p\u00fablicas&#8221;.<\/p>\n<p>&nbsp;<\/p>\n<p><img data-recalc-dims=\"1\" loading=\"lazy\" decoding=\"async\" class=\"alignnone size-large wp-image-40945\" src=\"https:\/\/i0.wp.com\/cdnoticias.com\/wp-content\/uploads\/2021\/12\/16.jpg?resize=800%2C537&#038;ssl=1\" alt=\"\" width=\"800\" height=\"537\" srcset=\"https:\/\/i0.wp.com\/cdnoticias.com\/wp-content\/uploads\/2021\/12\/16.jpg?resize=1024%2C687&amp;ssl=1 1024w, https:\/\/i0.wp.com\/cdnoticias.com\/wp-content\/uploads\/2021\/12\/16.jpg?resize=300%2C201&amp;ssl=1 300w, https:\/\/i0.wp.com\/cdnoticias.com\/wp-content\/uploads\/2021\/12\/16.jpg?resize=768%2C515&amp;ssl=1 768w, https:\/\/i0.wp.com\/cdnoticias.com\/wp-content\/uploads\/2021\/12\/16.jpg?resize=272%2C182&amp;ssl=1 272w, https:\/\/i0.wp.com\/cdnoticias.com\/wp-content\/uploads\/2021\/12\/16.jpg?w=2013&amp;ssl=1 2013w, https:\/\/i0.wp.com\/cdnoticias.com\/wp-content\/uploads\/2021\/12\/16.jpg?w=1600&amp;ssl=1 1600w\" sizes=\"auto, (max-width: 800px) 100vw, 800px\" \/><\/p>\n<p>&nbsp;<\/p>\n<p>El <strong>rojo, amarillo, azul y verde<\/strong> fueron elegidos para colorear la ciudad del cemento y son distintivos, y su logo del ojo entre dos manos, en alusi\u00f3n a su nombre que arrebata las penas de la gente.<\/p>\n<p>&nbsp;<\/p>\n<p>Desde ese momento su intenci\u00f3n fue <strong>recuperar la fiesta del Carnaval<\/strong>, volcando en sus presentaciones homenajes a otras \u00e9pocas sin descuidar la actualidad, organizando espect\u00e1culos carnavaleros en distintos barrios de la ciudad posicion\u00e1ndose como los hacedores de la vuelta del carnaval a Olavarr\u00eda desde 1999 hasta nuestros d\u00edas.<\/p>\n<p>&nbsp;<\/p>\n<p>Arrebatando L\u00e1grimas, guarda en su esp\u00edritu <strong><em>\u00a8las ganas de arrebatar los dolores de la gente de esta ciudad\u00a8.<\/em><\/strong> Desde su formaci\u00f3n se dedic\u00f3 a cantar y utilizar los m\u00e1s variados instrumentos con el padrinazgo del bombo con platillo, Instrumento caracter\u00edstico de la est\u00e9tica murguera.<\/p>\n<p>&nbsp;<\/p>\n<p><img data-recalc-dims=\"1\" loading=\"lazy\" decoding=\"async\" class=\"alignnone size-large wp-image-40943\" src=\"https:\/\/i0.wp.com\/cdnoticias.com\/wp-content\/uploads\/2021\/12\/17.jpg?resize=800%2C420&#038;ssl=1\" alt=\"\" width=\"800\" height=\"420\" srcset=\"https:\/\/i0.wp.com\/cdnoticias.com\/wp-content\/uploads\/2021\/12\/17.jpg?resize=1024%2C538&amp;ssl=1 1024w, https:\/\/i0.wp.com\/cdnoticias.com\/wp-content\/uploads\/2021\/12\/17.jpg?resize=300%2C158&amp;ssl=1 300w, https:\/\/i0.wp.com\/cdnoticias.com\/wp-content\/uploads\/2021\/12\/17.jpg?resize=768%2C403&amp;ssl=1 768w, https:\/\/i0.wp.com\/cdnoticias.com\/wp-content\/uploads\/2021\/12\/17.jpg?resize=390%2C205&amp;ssl=1 390w, https:\/\/i0.wp.com\/cdnoticias.com\/wp-content\/uploads\/2021\/12\/17.jpg?w=2000&amp;ssl=1 2000w, https:\/\/i0.wp.com\/cdnoticias.com\/wp-content\/uploads\/2021\/12\/17.jpg?w=1600&amp;ssl=1 1600w\" sizes=\"auto, (max-width: 800px) 100vw, 800px\" \/><\/p>\n<p>&nbsp;<\/p>\n<p>Esta murga var\u00eda en las organizaciones comunes de cualquier murga; Se forma entendiendo que la murga se hace en grupo y con el pueblo. Se maneja de manera colectiva, no hay director, sino que el grupo decide sobre el accionar de la misma, ejerciendo el pluralismo y la democracia en cada decisi\u00f3n.<\/p>\n<p>&nbsp;<\/p>\n<blockquote><p>Su punto de partida fue el parque norte y la Plaza Aguado, desde 2011 se encuentra trabajando hacia el interior del barrio Hip\u00f3lito Yrigoyen donde en un futuro pr\u00f3ximo se comenzara a construir \u201cCasa Murga\u201d.<\/p><\/blockquote>\n<p>&nbsp;<\/p>\n<p>Desde hace a\u00f1os la murga fomenta el crecimiento de su lenguaje en la comunidad, realizando talleres en los que transmite los conocimientos adquiridos, en diversas instituciones y localidades dentro de la provincia y el barrio. <strong>Colabora con el compromiso social y enarbola el sentido del trabajo con la \u201cmemoria\u201d.<\/strong><\/p>\n","protected":false},"excerpt":{"rendered":"<p>La mutual de arte celebrar\u00e1 el pr\u00f3ximo domingo 12 de diciembre un nuevo aniversario. Ser\u00e1 en Rufino Fal y Chiclana<\/p>\n","protected":false},"author":5,"featured_media":40948,"comment_status":"closed","ping_status":"closed","sticky":false,"template":"","format":"standard","meta":{"_jetpack_memberships_contains_paid_content":false,"footnotes":""},"categories":[9,1],"tags":[],"class_list":["post-40941","post","type-post","status-publish","format-standard","has-post-thumbnail","hentry","category-cultura","category-portada"],"jetpack_featured_media_url":"https:\/\/i0.wp.com\/cdnoticias.com\/wp-content\/uploads\/2021\/12\/12.jpg?fit=960%2C640&ssl=1","jetpack_sharing_enabled":true,"_links":{"self":[{"href":"https:\/\/cdnoticias.com\/index.php\/wp-json\/wp\/v2\/posts\/40941","targetHints":{"allow":["GET"]}}],"collection":[{"href":"https:\/\/cdnoticias.com\/index.php\/wp-json\/wp\/v2\/posts"}],"about":[{"href":"https:\/\/cdnoticias.com\/index.php\/wp-json\/wp\/v2\/types\/post"}],"author":[{"embeddable":true,"href":"https:\/\/cdnoticias.com\/index.php\/wp-json\/wp\/v2\/users\/5"}],"replies":[{"embeddable":true,"href":"https:\/\/cdnoticias.com\/index.php\/wp-json\/wp\/v2\/comments?post=40941"}],"version-history":[{"count":0,"href":"https:\/\/cdnoticias.com\/index.php\/wp-json\/wp\/v2\/posts\/40941\/revisions"}],"wp:featuredmedia":[{"embeddable":true,"href":"https:\/\/cdnoticias.com\/index.php\/wp-json\/wp\/v2\/media\/40948"}],"wp:attachment":[{"href":"https:\/\/cdnoticias.com\/index.php\/wp-json\/wp\/v2\/media?parent=40941"}],"wp:term":[{"taxonomy":"category","embeddable":true,"href":"https:\/\/cdnoticias.com\/index.php\/wp-json\/wp\/v2\/categories?post=40941"},{"taxonomy":"post_tag","embeddable":true,"href":"https:\/\/cdnoticias.com\/index.php\/wp-json\/wp\/v2\/tags?post=40941"}],"curies":[{"name":"wp","href":"https:\/\/api.w.org\/{rel}","templated":true}]}}