{"id":40937,"date":"2021-12-10T15:48:14","date_gmt":"2021-12-10T18:48:14","guid":{"rendered":"http:\/\/www.centraldenoticias.com.ar\/?p=40937"},"modified":"2021-12-10T15:50:21","modified_gmt":"2021-12-10T18:50:21","slug":"encuentro-con-entidades-en-el-marco-del-programa-dialogos-comunitarios","status":"publish","type":"post","link":"https:\/\/cdnoticias.com\/index.php\/2021\/12\/10\/encuentro-con-entidades-en-el-marco-del-programa-dialogos-comunitarios\/","title":{"rendered":"Encuentro con entidades en el marco del Programa \u201cDi\u00e1logos Comunitarios\u201d"},"content":{"rendered":"<p>El Consejo de Administraci\u00f3n de Coopelectric recibi\u00f3 a las autoridades de la Federaci\u00f3n de Sociedades de Fomento. Los puntos principales de la reuni\u00f3n.<!--more--><\/p>\n<hr \/>\n<p>En un nuevo desarrollo del <strong>Programa \u201cDi\u00e1logos Comunitarios\u201d<\/strong>, autoridades del Consejo de Administraci\u00f3n de Coopelectric y de la Federaci\u00f3n de Sociedades de Fomento mantuvieron un encuentro.<\/p>\n<p>&nbsp;<\/p>\n<p>Participaron el presidente del Consejo de Administraci\u00f3n Cruz Arouxet, el secretario Alberto Miotti, el prosecretario Oscar Angeletti, el protesorero Jorge Rodr\u00edguez Setzes, los consejeros Jos\u00e9 Mor\u00e1n y Juan Urrutia, el presidente del cuerpo de Delegados Ignacio Pagano, el gerente de Coordinaci\u00f3n Ejecutiva Oscar L\u00f3pez; y en representaci\u00f3n de la Federaci\u00f3n su presidente Jorge Videla, la secretaria Mirta Rossi y el vocal Facundo Galante y Mirta Rossi.<\/p>\n<p>&nbsp;<\/p>\n<p>Durante la reuni\u00f3n se abordaron temas vinculados a los servicios que presta la Cooperativa, tales como la <strong>Tarifa Social en los Servicio El\u00e9ctrico y Sanitario<\/strong>, situaciones de deuda e identificaci\u00f3n de las familias que presentan condiciones de vulnerabilidad.<\/p>\n<p>&nbsp;<\/p>\n<p>En tal sentido, el <strong>presidente del Consejo de Administraci\u00f3n Cruz Arouxet<\/strong> expres\u00f3 que \u201c<em>para poder regularizar situaciones de deuda disponemos de planes de pago que se ajustan a las necesidades de cada familia, pero lo m\u00e1s importante es que desde Coopelectric las puertas siempre est\u00e1n abiertas para escuchar y acompa\u00f1ar a los asociados\u201d<\/em> y agreg\u00f3: <strong><em>\u201cen caso de tomar conocimiento sobre la situaci\u00f3n de alg\u00fan vecino que presente dificultades para abonar el servicio, no duden en contactarse con nosotros para poder resolverlo garantizando la prestaci\u00f3n y contemplando la realidad socioecon\u00f3mica de cada familia\u201d.<\/em><\/strong><\/p>\n<p>&nbsp;<\/p>\n<p>Otro de los temas abordados fue el avance del<strong> tendido de Fibra \u00d3ptica al Hogar desarrollado por Infracom-Coopelectric en distintos sectores de Olavarr\u00eda<\/strong> y la posibilidad de trabajar de forma conjunta para crear un Punto Digital Educativo en alguna de las Sociedades de Fomento.<\/p>\n<p>&nbsp;<\/p>\n<p>Desde ambas instituciones se manifest\u00f3 el inter\u00e9s por trabajar de forma articulada en pos de favorecer a los vecinos de Olavarr\u00eda y promover el acceso a las tecnolog\u00edas de la informaci\u00f3n y la comunicaci\u00f3n, por lo que se acord\u00f3 trasladar la inquietud a las autoridades de Infracom-Olavarr\u00eda.<\/p>\n<p>&nbsp;<\/p>\n<p>Las entidades que est\u00e9n interesadas en participar del Programa \u201cDi\u00e1logos Comunitarios\u201d pueden solicitar un encuentro<strong> acerc\u00e1ndose de lunes a viernes de 7:30 a 14:30 al \u00e1rea de Secretar\u00eda en la sede de Belgrano 2850 o contact\u00e1ndose a trav\u00e9s de la casilla de correo secretariaadministracion@coopelectric.com.ar<\/strong><\/p>\n<p>&nbsp;<\/p>\n<p>El mismo consiste en promover espacios de encuentro con referentes de juntas vecinales, sociedades de fomento, entidades barriales, instituciones deportivas, educativas, asociaciones civiles sin fines de lucro, ONG\u00b4s, entre otras; con la finalidad de profundizar y reafirmar el v\u00ednculo que Coopelectric mantiene con todas las entidades intermedias de la ciudad.<\/p>\n<p>&nbsp;<\/p>\n","protected":false},"excerpt":{"rendered":"<p>El Consejo de Administraci\u00f3n de Coopelectric recibi\u00f3 a las autoridades de la Federaci\u00f3n de Sociedades de Fomento. Los puntos principales<\/p>\n","protected":false},"author":5,"featured_media":40938,"comment_status":"closed","ping_status":"closed","sticky":false,"template":"","format":"standard","meta":{"_jetpack_memberships_contains_paid_content":false,"footnotes":""},"categories":[5,1],"tags":[],"class_list":["post-40937","post","type-post","status-publish","format-standard","has-post-thumbnail","hentry","category-informacion-general","category-portada"],"jetpack_featured_media_url":"https:\/\/i0.wp.com\/cdnoticias.com\/wp-content\/uploads\/2021\/12\/Dialogos-Comunitarios-Federacion-Soc-Fto.jpeg?fit=1010%2C446&ssl=1","jetpack_sharing_enabled":true,"_links":{"self":[{"href":"https:\/\/cdnoticias.com\/index.php\/wp-json\/wp\/v2\/posts\/40937","targetHints":{"allow":["GET"]}}],"collection":[{"href":"https:\/\/cdnoticias.com\/index.php\/wp-json\/wp\/v2\/posts"}],"about":[{"href":"https:\/\/cdnoticias.com\/index.php\/wp-json\/wp\/v2\/types\/post"}],"author":[{"embeddable":true,"href":"https:\/\/cdnoticias.com\/index.php\/wp-json\/wp\/v2\/users\/5"}],"replies":[{"embeddable":true,"href":"https:\/\/cdnoticias.com\/index.php\/wp-json\/wp\/v2\/comments?post=40937"}],"version-history":[{"count":0,"href":"https:\/\/cdnoticias.com\/index.php\/wp-json\/wp\/v2\/posts\/40937\/revisions"}],"wp:featuredmedia":[{"embeddable":true,"href":"https:\/\/cdnoticias.com\/index.php\/wp-json\/wp\/v2\/media\/40938"}],"wp:attachment":[{"href":"https:\/\/cdnoticias.com\/index.php\/wp-json\/wp\/v2\/media?parent=40937"}],"wp:term":[{"taxonomy":"category","embeddable":true,"href":"https:\/\/cdnoticias.com\/index.php\/wp-json\/wp\/v2\/categories?post=40937"},{"taxonomy":"post_tag","embeddable":true,"href":"https:\/\/cdnoticias.com\/index.php\/wp-json\/wp\/v2\/tags?post=40937"}],"curies":[{"name":"wp","href":"https:\/\/api.w.org\/{rel}","templated":true}]}}