{"id":4093,"date":"2020-10-16T13:49:18","date_gmt":"2020-10-16T16:49:18","guid":{"rendered":"http:\/\/www.centraldenoticias.com.ar\/?p=4093"},"modified":"2020-10-16T15:00:58","modified_gmt":"2020-10-16T18:00:58","slug":"deteccion-intensiva-de-covid-hubo-mas-de-80-testeos-en-dos-localidades","status":"publish","type":"post","link":"https:\/\/cdnoticias.com\/index.php\/2020\/10\/16\/deteccion-intensiva-de-covid-hubo-mas-de-80-testeos-en-dos-localidades\/","title":{"rendered":"Detecci\u00f3n intensiva de Covid: hubo m\u00e1s de 80 testeos en dos localidades"},"content":{"rendered":"<p>Este viernes fue el segundo d\u00eda de despliegue del personal de salud. Convocaron a vecinos de Colonia Hinojo, Hinojo y Sierra Chica. En dos jornadas se superaron los 120 testeos.<!--more--><\/p>\n<hr \/>\n<p>En la ma\u00f1ana de este viernes se llev\u00f3 a cabo<strong> el segundo d\u00eda del Programa de Detecci\u00f3n Intensiva de Covid<\/strong> impulsado por la Secretar\u00eda de Salud de la Municipalidad de Olavarr\u00eda. En el lugar estuvieron el Intendente y m\u00e1s autoridades municipales.<\/p>\n<blockquote><p>La jornada tuvo lugar en instalaciones de los CAPS de Colonia Hinojo, en el que se realizaron 48 testeos a vecinos de la localidad y tambi\u00e9n de Hinojo, y de Sierra Chica con un total de 34 testeos hechos en el Centro de Atenci\u00f3n Primaria de la Salud N\u00ba4.<\/p><\/blockquote>\n<p>De esta manera, <strong>en dos d\u00edas se concretaron 124 testeos en las localidade<\/strong>s con m\u00e1s habitantes. La primera jornada hab\u00eda tenido lugar en <a href=\"https:\/\/cdnoticias.com\/index.php\/2020\/10\/15\/covid-en-loma-negra-y-sierras-bayas-se-hicieron-46-testeos\/\" target=\"_blank\" rel=\"noopener\">Loma Negra y en Sierras Bayas<\/a>.<\/p>\n<p><img data-recalc-dims=\"1\" loading=\"lazy\" decoding=\"async\" class=\"aligncenter wp-image-4095\" src=\"https:\/\/i0.wp.com\/cdnoticias.com\/wp-content\/uploads\/2020\/10\/Salud-Testeos-Instesivos-Localidades-3.jpg?resize=500%2C333&#038;ssl=1\" alt=\"\" width=\"500\" height=\"333\" srcset=\"https:\/\/i0.wp.com\/cdnoticias.com\/wp-content\/uploads\/2020\/10\/Salud-Testeos-Instesivos-Localidades-3.jpg?resize=300%2C200&amp;ssl=1 300w, https:\/\/i0.wp.com\/cdnoticias.com\/wp-content\/uploads\/2020\/10\/Salud-Testeos-Instesivos-Localidades-3.jpg?resize=768%2C512&amp;ssl=1 768w, https:\/\/i0.wp.com\/cdnoticias.com\/wp-content\/uploads\/2020\/10\/Salud-Testeos-Instesivos-Localidades-3.jpg?resize=1024%2C683&amp;ssl=1 1024w, https:\/\/i0.wp.com\/cdnoticias.com\/wp-content\/uploads\/2020\/10\/Salud-Testeos-Instesivos-Localidades-3.jpg?resize=272%2C182&amp;ssl=1 272w, https:\/\/i0.wp.com\/cdnoticias.com\/wp-content\/uploads\/2020\/10\/Salud-Testeos-Instesivos-Localidades-3.jpg?w=1968&amp;ssl=1 1968w, https:\/\/i0.wp.com\/cdnoticias.com\/wp-content\/uploads\/2020\/10\/Salud-Testeos-Instesivos-Localidades-3.jpg?w=1600&amp;ssl=1 1600w\" sizes=\"auto, (max-width: 500px) 100vw, 500px\" \/><\/p>\n<p>Se aclar\u00f3 desde el Municipio que los resultados de los an\u00e1lisis de los pacientes que se hisoparon este viernes se informar\u00e1n dentro del reporte diario.<\/p>\n<blockquote><p>El programa continuar\u00e1 este s\u00e1bado. El tercer d\u00eda, de los seis que est\u00e1n previstos, el operativo estar\u00e1 en la Casa del Bicentenario de 10 a 12 para los vecinos de los barrios Microcentro, San Vicente y Pueblo Nuevo.<\/p><\/blockquote>\n<p>A la poblaci\u00f3n se le pidi\u00f3 que concurra al lugar si tiene o ha tenido en los \u00faltimos d\u00edas los siguientes s\u00edntomas:<strong> tos, falta de olfato, falta de gusto, m\u00e1s de 37.5\u00ba de fiebre, dolor de garganta, falta de aire o m\u00e1s de 48 horas con diarrea<\/strong>.<\/p>\n<p>A cada paciente, un equipo entrenado en detecci\u00f3n de s\u00edntomas asociados a Covid-19 les preguntar\u00e1 acerca de los s\u00edntomas y evaluar\u00e1 la realizaci\u00f3n del testeo.<\/p>\n<p>Durante este viernes, las actividades en Colonia Hinojo y en Sierra Chica tuvieron nuevamente la presencia del intendente Ezequiel Galli y del titular de Salud, Germ\u00e1n Caputo, as\u00ed como de m\u00e1s funcionarios del Gabinete.<\/p>\n","protected":false},"excerpt":{"rendered":"<p>Este viernes fue el segundo d\u00eda de despliegue del personal de salud. Convocaron a vecinos de Colonia Hinojo, Hinojo y<\/p>\n","protected":false},"author":4,"featured_media":4094,"comment_status":"closed","ping_status":"closed","sticky":false,"template":"","format":"standard","meta":{"_jetpack_memberships_contains_paid_content":false,"footnotes":""},"categories":[5,1],"tags":[],"class_list":["post-4093","post","type-post","status-publish","format-standard","has-post-thumbnail","hentry","category-informacion-general","category-portada"],"jetpack_featured_media_url":"https:\/\/i0.wp.com\/cdnoticias.com\/wp-content\/uploads\/2020\/10\/Salud-Testeos-Instesivos-Localidades-4.jpg?fit=1968%2C1312&ssl=1","jetpack_sharing_enabled":true,"_links":{"self":[{"href":"https:\/\/cdnoticias.com\/index.php\/wp-json\/wp\/v2\/posts\/4093","targetHints":{"allow":["GET"]}}],"collection":[{"href":"https:\/\/cdnoticias.com\/index.php\/wp-json\/wp\/v2\/posts"}],"about":[{"href":"https:\/\/cdnoticias.com\/index.php\/wp-json\/wp\/v2\/types\/post"}],"author":[{"embeddable":true,"href":"https:\/\/cdnoticias.com\/index.php\/wp-json\/wp\/v2\/users\/4"}],"replies":[{"embeddable":true,"href":"https:\/\/cdnoticias.com\/index.php\/wp-json\/wp\/v2\/comments?post=4093"}],"version-history":[{"count":0,"href":"https:\/\/cdnoticias.com\/index.php\/wp-json\/wp\/v2\/posts\/4093\/revisions"}],"wp:featuredmedia":[{"embeddable":true,"href":"https:\/\/cdnoticias.com\/index.php\/wp-json\/wp\/v2\/media\/4094"}],"wp:attachment":[{"href":"https:\/\/cdnoticias.com\/index.php\/wp-json\/wp\/v2\/media?parent=4093"}],"wp:term":[{"taxonomy":"category","embeddable":true,"href":"https:\/\/cdnoticias.com\/index.php\/wp-json\/wp\/v2\/categories?post=4093"},{"taxonomy":"post_tag","embeddable":true,"href":"https:\/\/cdnoticias.com\/index.php\/wp-json\/wp\/v2\/tags?post=4093"}],"curies":[{"name":"wp","href":"https:\/\/api.w.org\/{rel}","templated":true}]}}