{"id":40921,"date":"2021-12-09T13:54:01","date_gmt":"2021-12-09T16:54:01","guid":{"rendered":"http:\/\/www.centraldenoticias.com.ar\/?p=40921"},"modified":"2021-12-09T13:54:01","modified_gmt":"2021-12-09T16:54:01","slug":"cambios-impositivos-ultima-reunion-de-la-comision-de-hacienda","status":"publish","type":"post","link":"https:\/\/cdnoticias.com\/index.php\/2021\/12\/09\/cambios-impositivos-ultima-reunion-de-la-comision-de-hacienda\/","title":{"rendered":"Cambios impositivos: \u00faltima reuni\u00f3n de la comisi\u00f3n de Hacienda"},"content":{"rendered":"<p>Se incorpor\u00f3 la modificaci\u00f3n que hab\u00eda solicitado la UCR en la sesi\u00f3n. Adem\u00e1s, se dej\u00f3 planteada la falta de respuesta por las consultas del Presupuesto 2022.<\/p>\n<p><!--more--><\/p>\n<hr \/>\n<p><strong>La comisi\u00f3n de Hacienda del Concejo ya dej\u00f3 el aval para el debate de los cambios impositivos en la asamblea de concejales y mayores contribuyentes<\/strong> a realizarse el viernes 17.<\/p>\n<p>&nbsp;<\/p>\n<p><strong>Se reuni\u00f3 en la ma\u00f1ana de este jueves<\/strong>, <a href=\"https:\/\/cdnoticias.com\/index.php\/2021\/12\/07\/tras-los-cortes-y-con-pedido-de-abstencion-se-votaron-los-cambios-impositivos\/\" target=\"_blank\" rel=\"noopener\">tal como se hab\u00eda programado en la sesi\u00f3n extraordinaria<\/a>. Asistieron la presidenta,<em> Celeste Arouxet (Ahora Olavarr\u00eda)<\/em>, y los concejales <em>Juan Mujica, Nicol\u00e1s Marinangelli y Ferm\u00edn Ferreira de Juntos; Eduardo Rodr\u00edguez, Ubaldo Garc\u00eda y Pamela Juri de Frente de Todos, y Mart\u00edn Lastape de UCR<\/em>.<\/p>\n<p>&nbsp;<\/p>\n<blockquote><p>En la reuni\u00f3n se trat\u00f3 el expediente de cambios impositivos que propuso el Ejecutivo y que ahora es una ordenanza preparatoria. \u201cAnalizamos los art\u00edculos y Juan Mujica nos explic\u00f3 sobre algunas dudas que ten\u00edamos respecto de Servicios Urbanos y de Patentes\u201d explic\u00f3 Arouxet. El oficialismo hizo hincapi\u00e9 en que <a href=\"https:\/\/cdnoticias.com\/index.php\/2021\/12\/04\/el-municipio-aumentara-las-cuotas-para-el-cobro-de-patentes-de-vehiculos\/\" target=\"_blank\" rel=\"noopener\">los cambios no implican aumentos para los contribuyentes<\/a>, sino que son modificaciones de forma.<\/p><\/blockquote>\n<p>&nbsp;<\/p>\n<p><img data-recalc-dims=\"1\" loading=\"lazy\" decoding=\"async\" class=\"alignnone size-full wp-image-40924\" src=\"https:\/\/i0.wp.com\/cdnoticias.com\/wp-content\/uploads\/2021\/12\/HCD-comision-de-hacienda-01.jpg?resize=800%2C445&#038;ssl=1\" alt=\"\" width=\"800\" height=\"445\" srcset=\"https:\/\/i0.wp.com\/cdnoticias.com\/wp-content\/uploads\/2021\/12\/HCD-comision-de-hacienda-01.jpg?w=800&amp;ssl=1 800w, https:\/\/i0.wp.com\/cdnoticias.com\/wp-content\/uploads\/2021\/12\/HCD-comision-de-hacienda-01.jpg?resize=300%2C167&amp;ssl=1 300w, https:\/\/i0.wp.com\/cdnoticias.com\/wp-content\/uploads\/2021\/12\/HCD-comision-de-hacienda-01.jpg?resize=768%2C427&amp;ssl=1 768w\" sizes=\"auto, (max-width: 800px) 100vw, 800px\" \/><\/p>\n<p>&nbsp;<\/p>\n<p>La presidenta agreg\u00f3 que<strong> en el despacho de la comisi\u00f3n se agreg\u00f3 lo que hab\u00eda planteado Lastape<\/strong> con una aclaraci\u00f3n para el cambio previsto en la definici\u00f3n de categor\u00eda 2 de los contribuyentes de Servicios Urbanos.<\/p>\n<p>&nbsp;<\/p>\n<p><strong>\u201cTenemos que ayudar a quienes tienen un bald\u00edo como \u00fanica propiedad donde can a tener su casa o ya la tienen su casa<\/strong>. No tienen final de obra, se hicieron la casa con lo que pudieron y como pudieron\u201d se\u00f1al\u00f3 el concejal de la UCR.<\/p>\n<p>&nbsp;<\/p>\n<p><img data-recalc-dims=\"1\" loading=\"lazy\" decoding=\"async\" class=\"size-full wp-image-40922 aligncenter\" src=\"https:\/\/i0.wp.com\/cdnoticias.com\/wp-content\/uploads\/2021\/12\/HCD-comision-de-hacienda-02.jpg?resize=800%2C445&#038;ssl=1\" alt=\"\" width=\"800\" height=\"445\" srcset=\"https:\/\/i0.wp.com\/cdnoticias.com\/wp-content\/uploads\/2021\/12\/HCD-comision-de-hacienda-02.jpg?w=800&amp;ssl=1 800w, https:\/\/i0.wp.com\/cdnoticias.com\/wp-content\/uploads\/2021\/12\/HCD-comision-de-hacienda-02.jpg?resize=300%2C167&amp;ssl=1 300w, https:\/\/i0.wp.com\/cdnoticias.com\/wp-content\/uploads\/2021\/12\/HCD-comision-de-hacienda-02.jpg?resize=768%2C427&amp;ssl=1 768w\" sizes=\"auto, (max-width: 800px) 100vw, 800px\" \/><\/p>\n<p>&nbsp;<\/p>\n<blockquote><p>Tuvo en cuenta que \u201cpasar a cobrar como bald\u00edo es una diferencia muy grande\u201d. En este punto se refiri\u00f3 a los contribuyentes de la zona 4 y de la zona 6 (inmuebles en localidades sobre calles sin asfalto) quienes actualmente pagan casi 800 pesos mensuales por la tasa, y si pasan a pagar como bald\u00edo el cobro superar\u00e1 los 2.000 pesos mensuales.<\/p><\/blockquote>\n<p>&nbsp;<\/p>\n<p>Asimismo, tambi\u00e9n en la reuni\u00f3n de comisi\u00f3n <strong>\u201cse hizo un despacho aparte, ya que aprovechamos y tratamos el Presupuesto 2022.<\/strong> No est\u00e1n las respuestas de (la secretaria de Hacienda, Eugenia) Bezzoni para el tratamiento del presupuesto en la sesi\u00f3n del 17. Las necesitamos a la brevedad\u201d inform\u00f3 Arouxet.<\/p>\n<p>&nbsp;<\/p>\n<p>Tanto las modificaciones impositivas como el Presupuesto 2022 ser\u00e1n parte del <strong>orden del d\u00eda de la sesi\u00f3n del viernes 17<\/strong>. El tercer tema ser\u00e1 la implementaci\u00f3n del Programa de Lucha contra la Tucura.<\/p>\n","protected":false},"excerpt":{"rendered":"<p>Se incorpor\u00f3 la modificaci\u00f3n que hab\u00eda solicitado la UCR en la sesi\u00f3n. Adem\u00e1s, se dej\u00f3 planteada la falta de respuesta<\/p>\n","protected":false},"author":4,"featured_media":40923,"comment_status":"closed","ping_status":"closed","sticky":false,"template":"","format":"standard","meta":{"_jetpack_memberships_contains_paid_content":false,"footnotes":""},"categories":[4,1],"tags":[],"class_list":["post-40921","post","type-post","status-publish","format-standard","has-post-thumbnail","hentry","category-politica","category-portada"],"jetpack_featured_media_url":"https:\/\/i0.wp.com\/cdnoticias.com\/wp-content\/uploads\/2021\/12\/HCD-comision-de-hacienda-00.jpg?fit=4608%2C2564&ssl=1","jetpack_sharing_enabled":true,"_links":{"self":[{"href":"https:\/\/cdnoticias.com\/index.php\/wp-json\/wp\/v2\/posts\/40921","targetHints":{"allow":["GET"]}}],"collection":[{"href":"https:\/\/cdnoticias.com\/index.php\/wp-json\/wp\/v2\/posts"}],"about":[{"href":"https:\/\/cdnoticias.com\/index.php\/wp-json\/wp\/v2\/types\/post"}],"author":[{"embeddable":true,"href":"https:\/\/cdnoticias.com\/index.php\/wp-json\/wp\/v2\/users\/4"}],"replies":[{"embeddable":true,"href":"https:\/\/cdnoticias.com\/index.php\/wp-json\/wp\/v2\/comments?post=40921"}],"version-history":[{"count":0,"href":"https:\/\/cdnoticias.com\/index.php\/wp-json\/wp\/v2\/posts\/40921\/revisions"}],"wp:featuredmedia":[{"embeddable":true,"href":"https:\/\/cdnoticias.com\/index.php\/wp-json\/wp\/v2\/media\/40923"}],"wp:attachment":[{"href":"https:\/\/cdnoticias.com\/index.php\/wp-json\/wp\/v2\/media?parent=40921"}],"wp:term":[{"taxonomy":"category","embeddable":true,"href":"https:\/\/cdnoticias.com\/index.php\/wp-json\/wp\/v2\/categories?post=40921"},{"taxonomy":"post_tag","embeddable":true,"href":"https:\/\/cdnoticias.com\/index.php\/wp-json\/wp\/v2\/tags?post=40921"}],"curies":[{"name":"wp","href":"https:\/\/api.w.org\/{rel}","templated":true}]}}