{"id":40918,"date":"2021-12-09T13:24:43","date_gmt":"2021-12-09T16:24:43","guid":{"rendered":"http:\/\/www.centraldenoticias.com.ar\/?p=40918"},"modified":"2021-12-09T16:09:37","modified_gmt":"2021-12-09T19:09:37","slug":"el-intendente-confirmo-la-fecha-de-los-corsos-oficiales-2022","status":"publish","type":"post","link":"https:\/\/cdnoticias.com\/index.php\/2021\/12\/09\/el-intendente-confirmo-la-fecha-de-los-corsos-oficiales-2022\/","title":{"rendered":"El Intendente confirm\u00f3 la fecha de los Corsos Oficiales 2022"},"content":{"rendered":"<p>Ser\u00e1n los d\u00edas 18, 19 y 20 de febrero pr\u00f3ximos. Inici\u00f3 la convocatoria para inscribirse en la Direcci\u00f3n de Cultura.\u00a0<!--more--><\/p>\n<hr \/>\n<p>El intendente <strong>Ezequiel Galli confirm\u00f3 en sus redes sociales la realizaci\u00f3n de los Corsos Oficiales 2022 en Olavarr\u00eda: ser\u00e1n los d\u00edas 18, 19 y 20 de febrero del pr\u00f3ximo a\u00f1o en el Cors\u00f3dromo \u201cGabriel Antonio\u201d.<\/strong><\/p>\n<p>&nbsp;<\/p>\n<blockquote><p>Habr\u00e1, tal como acontece en esta fecha festiva, batucadas, comparsas, murgas, agrupaciones, m\u00e1scaras sueltas y colectivas, y habr\u00e1 tiempo hasta este 15 de diciembre para sumarse a participar de esta gran fiesta.<\/p><\/blockquote>\n<p>&nbsp;<\/p>\n<p>Desde la <strong>Direcci\u00f3n de Cultura, en paralelo, se anunci\u00f3 la apertura de una convocatoria para todas las agrupaciones interesadas en participar de los Corsos 2022.<\/strong><\/p>\n<p>&nbsp;<\/p>\n<p><strong>Se podr\u00e1n inscribir hasta el 15 de diciembre<\/strong>, en la Casa de la Cultura (Cnel. Su\u00e1rez 2924) de lunes a viernes de 8 a 13 horas.<\/p>\n<p>&nbsp;<\/p>\n<p><strong>Los interesados deber\u00e1n acercar una solicitud de participaci\u00f3n mediante carta<\/strong>, donde deber\u00e1n aclarar la cantidad de participantes en la agrupaci\u00f3n, una breve rese\u00f1a, contacto telef\u00f3nico y fotocopia de DNI adjunta de un referente.<\/p>\n","protected":false},"excerpt":{"rendered":"<p>Ser\u00e1n los d\u00edas 18, 19 y 20 de febrero pr\u00f3ximos. Inici\u00f3 la convocatoria para inscribirse en la Direcci\u00f3n de Cultura.\u00a0<\/p>\n","protected":false},"author":2,"featured_media":40919,"comment_status":"closed","ping_status":"closed","sticky":false,"template":"","format":"standard","meta":{"_jetpack_memberships_contains_paid_content":false,"footnotes":""},"categories":[9,1],"tags":[],"class_list":["post-40918","post","type-post","status-publish","format-standard","has-post-thumbnail","hentry","category-cultura","category-portada"],"jetpack_featured_media_url":"https:\/\/i0.wp.com\/cdnoticias.com\/wp-content\/uploads\/2021\/12\/264059523_1678803125659249_3241030881945170703_n.jpg?fit=1280%2C720&ssl=1","jetpack_sharing_enabled":true,"_links":{"self":[{"href":"https:\/\/cdnoticias.com\/index.php\/wp-json\/wp\/v2\/posts\/40918","targetHints":{"allow":["GET"]}}],"collection":[{"href":"https:\/\/cdnoticias.com\/index.php\/wp-json\/wp\/v2\/posts"}],"about":[{"href":"https:\/\/cdnoticias.com\/index.php\/wp-json\/wp\/v2\/types\/post"}],"author":[{"embeddable":true,"href":"https:\/\/cdnoticias.com\/index.php\/wp-json\/wp\/v2\/users\/2"}],"replies":[{"embeddable":true,"href":"https:\/\/cdnoticias.com\/index.php\/wp-json\/wp\/v2\/comments?post=40918"}],"version-history":[{"count":0,"href":"https:\/\/cdnoticias.com\/index.php\/wp-json\/wp\/v2\/posts\/40918\/revisions"}],"wp:featuredmedia":[{"embeddable":true,"href":"https:\/\/cdnoticias.com\/index.php\/wp-json\/wp\/v2\/media\/40919"}],"wp:attachment":[{"href":"https:\/\/cdnoticias.com\/index.php\/wp-json\/wp\/v2\/media?parent=40918"}],"wp:term":[{"taxonomy":"category","embeddable":true,"href":"https:\/\/cdnoticias.com\/index.php\/wp-json\/wp\/v2\/categories?post=40918"},{"taxonomy":"post_tag","embeddable":true,"href":"https:\/\/cdnoticias.com\/index.php\/wp-json\/wp\/v2\/tags?post=40918"}],"curies":[{"name":"wp","href":"https:\/\/api.w.org\/{rel}","templated":true}]}}