{"id":40911,"date":"2021-12-09T11:15:06","date_gmt":"2021-12-09T14:15:06","guid":{"rendered":"http:\/\/www.centraldenoticias.com.ar\/?p=40911"},"modified":"2021-12-09T13:24:55","modified_gmt":"2021-12-09T16:24:55","slug":"covid-mas-de-85-de-los-bonaerenses-iniciaron-su-esquema-de-vacunacion","status":"publish","type":"post","link":"https:\/\/cdnoticias.com\/index.php\/2021\/12\/09\/covid-mas-de-85-de-los-bonaerenses-iniciaron-su-esquema-de-vacunacion\/","title":{"rendered":"Covid: m\u00e1s de 85% de los bonaerenses iniciaron su esquema de vacunaci\u00f3n"},"content":{"rendered":"<p>En Olavarr\u00eda hay m\u00e1s de 106 mil vacunados y 2,62% tiene el refuerzo. El 71% de la poblaci\u00f3n de la provincia cuenta con el esquema completo. Se aplican terceras dosis y refuerzos a distintos grupos.<!--more--><\/p>\n<hr \/>\n<p><strong>El 85,34% de la poblaci\u00f3n de la provincia de Buenos Aires ya inici\u00f3 su esquema de vacunaci\u00f3n contra el coronavirus<\/strong>, al tiempo que el 71% ya cuenta con las dos dosis, seg\u00fan inform\u00f3 el gobernador de la provincia de Buenos Aires, Axel Kicillof.<\/p>\n<p>&nbsp;<\/p>\n<p><img data-recalc-dims=\"1\" loading=\"lazy\" decoding=\"async\" class=\"size-large wp-image-40913 aligncenter\" src=\"https:\/\/i0.wp.com\/cdnoticias.com\/wp-content\/uploads\/2021\/12\/vacunacion-provincia.jpeg?resize=800%2C450&#038;ssl=1\" alt=\"\" width=\"800\" height=\"450\" srcset=\"https:\/\/i0.wp.com\/cdnoticias.com\/wp-content\/uploads\/2021\/12\/vacunacion-provincia.jpeg?resize=1024%2C576&amp;ssl=1 1024w, https:\/\/i0.wp.com\/cdnoticias.com\/wp-content\/uploads\/2021\/12\/vacunacion-provincia.jpeg?resize=300%2C169&amp;ssl=1 300w, https:\/\/i0.wp.com\/cdnoticias.com\/wp-content\/uploads\/2021\/12\/vacunacion-provincia.jpeg?resize=768%2C432&amp;ssl=1 768w, https:\/\/i0.wp.com\/cdnoticias.com\/wp-content\/uploads\/2021\/12\/vacunacion-provincia.jpeg?w=1280&amp;ssl=1 1280w\" sizes=\"auto, (max-width: 800px) 100vw, 800px\" \/><\/p>\n<p>&nbsp;<\/p>\n<p>El mandatario poste\u00f3 los datos en su cuenta de Twitter en la jornada del mi\u00e9rcoles. Este jueves se detall\u00f3 desde la Gobernaci\u00f3n que<strong> 14.417.108 ciudadanos bonaerenses ya recibieron su primera dosis<\/strong>, mientras que <strong>11.992.666 tienen la segunda<\/strong> y un <strong>5,87% cuenta con el refuerzo (990.299)<\/strong>.<\/p>\n<p>&nbsp;<\/p>\n<blockquote><p>Seg\u00fan los datos consignados en la Sala de Situaci\u00f3n del Ministerio de Salud bonaerense, hasta este mi\u00e9rcoles se han alcanzado un total de 106.215 olavarrienses con la campa\u00f1a de vacunaci\u00f3n contra el coronavirus. De ellos, 93.217 tienen la segunda dosis y un 6.290, la tercera. Con el refuerzo se alcanz\u00f3 a 2,62% de los vacunados (2.787).<\/p><\/blockquote>\n<p>&nbsp;<\/p>\n<p><img data-recalc-dims=\"1\" loading=\"lazy\" decoding=\"async\" class=\"size-large wp-image-40912 aligncenter\" src=\"https:\/\/i0.wp.com\/cdnoticias.com\/wp-content\/uploads\/2021\/12\/vacunacion-olavarria.jpg?resize=800%2C378&#038;ssl=1\" alt=\"\" width=\"800\" height=\"378\" srcset=\"https:\/\/i0.wp.com\/cdnoticias.com\/wp-content\/uploads\/2021\/12\/vacunacion-olavarria.jpg?resize=1024%2C484&amp;ssl=1 1024w, https:\/\/i0.wp.com\/cdnoticias.com\/wp-content\/uploads\/2021\/12\/vacunacion-olavarria.jpg?resize=300%2C142&amp;ssl=1 300w, https:\/\/i0.wp.com\/cdnoticias.com\/wp-content\/uploads\/2021\/12\/vacunacion-olavarria.jpg?resize=768%2C363&amp;ssl=1 768w, https:\/\/i0.wp.com\/cdnoticias.com\/wp-content\/uploads\/2021\/12\/vacunacion-olavarria.jpg?w=1152&amp;ssl=1 1152w\" sizes=\"auto, (max-width: 800px) 100vw, 800px\" \/><\/p>\n<p>&nbsp;<\/p>\n<p><strong>Refuerzo y terceras dosis<\/strong><\/p>\n<p>&nbsp;<\/p>\n<p>En el \u00e1mbito provincial <strong>ya se est\u00e1n aplicando las dosis de refuerzo y terceras dosis<\/strong> a los ciudadanos que padecen alguna situaci\u00f3n de inmunosupresi\u00f3n, a quienes cuentan con esquema completo de Sinopharm y tienen m\u00e1s de 50 a\u00f1os, a personal de salud y a mayores de 70 a\u00f1os. Por ese motivo,<strong> se recomienda consultar a diario la app Vacunate PBA, ya que est\u00e1n enviando turnos<\/strong>.<\/p>\n<p>&nbsp;<\/p>\n<blockquote class=\"twitter-tweet\">\n<p dir=\"ltr\" lang=\"es\">ATENCI\u00d3N \ud83d\udce2<\/p>\n<p>Se est\u00e1n enviando 522.059 turnos para dosis de refuerzo.<\/p>\n<p>\u00a1Revis\u00e1 tu mail, la p\u00e1gina o la aplicaci\u00f3n!<a href=\"https:\/\/twitter.com\/hashtag\/BuenosAiresVacunate?src=hash&amp;ref_src=twsrc%5Etfw\">#BuenosAiresVacunate<\/a> \u2764\ufe0f\ud83d\udc89\u2764\ufe0f <a href=\"https:\/\/t.co\/h4exyrxU1Z\">pic.twitter.com\/h4exyrxU1Z<\/a><\/p>\n<p>\u2014 Gobierno PBA (@BAProvincia) <a href=\"https:\/\/twitter.com\/BAProvincia\/status\/1468550947756462082?ref_src=twsrc%5Etfw\">December 8, 2021<\/a><\/p><\/blockquote>\n<p><script async src=\"https:\/\/platform.twitter.com\/widgets.js\" charset=\"utf-8\"><\/script><\/p>\n<p>&nbsp;<\/p>\n<p>De igual modo,<strong> quienes cuenten con el esquema completo y hayan pasado seis meses desde la \u00faltima dosis<\/strong>, tambi\u00e9n podr\u00edan estar recibiendo en breve la citaci\u00f3n para el refuerzo.<\/p>\n<p>&nbsp;<\/p>\n<p>Es importante se\u00f1alar que <strong>desde el viernes, la primera dosis ser\u00e1 libre (sin turno) para cualquier ciudadano desde los 3 a\u00f1os<\/strong>. Asimismo, desde el 21 de diciembre comenzar\u00e1 a estar en vigencia el \u201cpase sanitario\u201d, por lo que quienes asistan a determinadas actividades deber\u00e1n acreditar la vacunaci\u00f3n con dos dosis desde los 13 a\u00f1os.<\/p>\n<p>&nbsp;<\/p>\n<p>Fuente:<em> con datos de Agencia DIB y Sala de Situaci\u00f3n del Ministerio de Salud<\/em><\/p>\n","protected":false},"excerpt":{"rendered":"<p>En Olavarr\u00eda hay m\u00e1s de 106 mil vacunados y 2,62% tiene el refuerzo. El 71% de la poblaci\u00f3n de la<\/p>\n","protected":false},"author":4,"featured_media":40916,"comment_status":"closed","ping_status":"closed","sticky":false,"template":"","format":"standard","meta":{"_jetpack_memberships_contains_paid_content":false,"footnotes":""},"categories":[16,1],"tags":[],"class_list":["post-40911","post","type-post","status-publish","format-standard","has-post-thumbnail","hentry","category-covid-19","category-portada"],"jetpack_featured_media_url":"https:\/\/i0.wp.com\/cdnoticias.com\/wp-content\/uploads\/2021\/12\/vacunacion-provincia-2.jpg?fit=696%2C388&ssl=1","jetpack_sharing_enabled":true,"_links":{"self":[{"href":"https:\/\/cdnoticias.com\/index.php\/wp-json\/wp\/v2\/posts\/40911","targetHints":{"allow":["GET"]}}],"collection":[{"href":"https:\/\/cdnoticias.com\/index.php\/wp-json\/wp\/v2\/posts"}],"about":[{"href":"https:\/\/cdnoticias.com\/index.php\/wp-json\/wp\/v2\/types\/post"}],"author":[{"embeddable":true,"href":"https:\/\/cdnoticias.com\/index.php\/wp-json\/wp\/v2\/users\/4"}],"replies":[{"embeddable":true,"href":"https:\/\/cdnoticias.com\/index.php\/wp-json\/wp\/v2\/comments?post=40911"}],"version-history":[{"count":0,"href":"https:\/\/cdnoticias.com\/index.php\/wp-json\/wp\/v2\/posts\/40911\/revisions"}],"wp:featuredmedia":[{"embeddable":true,"href":"https:\/\/cdnoticias.com\/index.php\/wp-json\/wp\/v2\/media\/40916"}],"wp:attachment":[{"href":"https:\/\/cdnoticias.com\/index.php\/wp-json\/wp\/v2\/media?parent=40911"}],"wp:term":[{"taxonomy":"category","embeddable":true,"href":"https:\/\/cdnoticias.com\/index.php\/wp-json\/wp\/v2\/categories?post=40911"},{"taxonomy":"post_tag","embeddable":true,"href":"https:\/\/cdnoticias.com\/index.php\/wp-json\/wp\/v2\/tags?post=40911"}],"curies":[{"name":"wp","href":"https:\/\/api.w.org\/{rel}","templated":true}]}}