{"id":40854,"date":"2021-12-08T18:08:43","date_gmt":"2021-12-08T21:08:43","guid":{"rendered":"http:\/\/www.centraldenoticias.com.ar\/?p=40854"},"modified":"2021-12-08T18:08:43","modified_gmt":"2021-12-08T21:08:43","slug":"rosa-angela-garcia-rosita-carli-q-e-p-d","status":"publish","type":"post","link":"https:\/\/cdnoticias.com\/index.php\/2021\/12\/08\/rosa-angela-garcia-rosita-carli-q-e-p-d\/","title":{"rendered":"Rosa \u00c1ngela Garc\u00eda \u201cRosita Carli\u201d (Q.E.P.D.)"},"content":{"rendered":"<p>Falleci\u00f3 en Olavarr\u00eda el 8 de diciembre a los 78 a\u00f1os de edad. Su compa\u00f1ero H\u00e9ctor Alberto Bustos; sus hijos Ana Silvia y Juan Manuel Carli; sus nietos Manuela Iacovacci, Juan Francisco Iacovacci y Ana P\u00eda Carli; sus hermanos Dora y H\u00e9ctor Garc\u00eda; sus sobrinos Guadalupe, Marilyn, Gabriel, Maribel, Victoria, Cecilia; sus sobrinos pol\u00edticos y dem\u00e1s deudos participan de su fallecimiento.<\/p>\n<p>&nbsp;<\/p>\n<p>Sus restos ser\u00e1n velados este jueves 9 de diciembre en Espa\u00f1a 2942 departamento &#8221;D&#8221; a partir de las 08:00, y ser\u00e1n inhumados en el cementerio Loma de Paz a las 11:30, previo responso en la capilla ardiente. Vecina de barrio Luj\u00e1n. Nacida en 25 de Mayo. Jubilada.<\/p>\n","protected":false},"excerpt":{"rendered":"<p>Falleci\u00f3 en Olavarr\u00eda el 8 de diciembre a los 78 a\u00f1os de edad. Su compa\u00f1ero H\u00e9ctor Alberto Bustos; sus hijos<\/p>\n","protected":false},"author":5,"featured_media":0,"comment_status":"closed","ping_status":"closed","sticky":false,"template":"","format":"standard","meta":{"_jetpack_memberships_contains_paid_content":false,"footnotes":""},"categories":[10],"tags":[],"class_list":["post-40854","post","type-post","status-publish","format-standard","hentry","category-necrologicas"],"jetpack_featured_media_url":"","jetpack_sharing_enabled":true,"_links":{"self":[{"href":"https:\/\/cdnoticias.com\/index.php\/wp-json\/wp\/v2\/posts\/40854","targetHints":{"allow":["GET"]}}],"collection":[{"href":"https:\/\/cdnoticias.com\/index.php\/wp-json\/wp\/v2\/posts"}],"about":[{"href":"https:\/\/cdnoticias.com\/index.php\/wp-json\/wp\/v2\/types\/post"}],"author":[{"embeddable":true,"href":"https:\/\/cdnoticias.com\/index.php\/wp-json\/wp\/v2\/users\/5"}],"replies":[{"embeddable":true,"href":"https:\/\/cdnoticias.com\/index.php\/wp-json\/wp\/v2\/comments?post=40854"}],"version-history":[{"count":0,"href":"https:\/\/cdnoticias.com\/index.php\/wp-json\/wp\/v2\/posts\/40854\/revisions"}],"wp:attachment":[{"href":"https:\/\/cdnoticias.com\/index.php\/wp-json\/wp\/v2\/media?parent=40854"}],"wp:term":[{"taxonomy":"category","embeddable":true,"href":"https:\/\/cdnoticias.com\/index.php\/wp-json\/wp\/v2\/categories?post=40854"},{"taxonomy":"post_tag","embeddable":true,"href":"https:\/\/cdnoticias.com\/index.php\/wp-json\/wp\/v2\/tags?post=40854"}],"curies":[{"name":"wp","href":"https:\/\/api.w.org\/{rel}","templated":true}]}}