{"id":40817,"date":"2021-12-08T12:20:41","date_gmt":"2021-12-08T15:20:41","guid":{"rendered":"http:\/\/www.centraldenoticias.com.ar\/?p=40817"},"modified":"2021-12-08T11:50:56","modified_gmt":"2021-12-08T14:50:56","slug":"un-tribunal-de-san-martin-y-su-resolucion-por-la-reeleccion-de-los-intendentes-bonaerenses","status":"publish","type":"post","link":"https:\/\/cdnoticias.com\/index.php\/2021\/12\/08\/un-tribunal-de-san-martin-y-su-resolucion-por-la-reeleccion-de-los-intendentes-bonaerenses\/","title":{"rendered":"Un Tribunal de San Mart\u00edn y su resoluci\u00f3n por la reelecci\u00f3n de los intendentes bonaerenses"},"content":{"rendered":"<p>Se trata de un amparo presentado por una concejal del partido de Malvinas Argentinas. Sostuvo que la aplicaci\u00f3n \u201cretroactiva\u201d es inconstitucional. La decisi\u00f3n del fuero Contencioso Administrativo.<!--more--><\/p>\n<hr \/>\n<p><strong>Un fallo judicial podr\u00eda ser la llave para que vuelva la reelecci\u00f3n indefinida de los intendentes bonaerenses<\/strong>, dada de baja por una ley de 2016 -aprobada durante la gesti\u00f3n de Mar\u00eda Eugenia Vidal- que impide que los jefes comunales ejerzan m\u00e1s de dos mandatos consecutivos. La normativa afecta del mismo modo a <strong>concejales y consejeros, senadores y diputados<\/strong>.<\/p>\n<p>&nbsp;<\/p>\n<p>Se trata de <strong>un amparo presentado por una concejal del partido de Malvinas Argentinas que recibi\u00f3 una resoluci\u00f3n favorable de un Tribunal Contencioso Administrativo de San Mart\u00edn<\/strong>. La resoluci\u00f3n, de ser confirmada, habilitar\u00e1 a todos los funcionarios elegidos en 2015 y reelegidos en 2019 a presentarse por un nuevo mandato en 2023. <a href=\"https:\/\/cdnoticias.com\/index.php\/2021\/11\/23\/ezequiel-galli-dijo-que-el-limite-de-la-reeleccion-es-sano\/\" target=\"_blank\" rel=\"noopener\">Uno de ellos es Ezequiel Galli<\/a>.<\/p>\n<p>&nbsp;<\/p>\n<p><strong>El juez Jorge Anibal Ocampo resolvi\u00f3 suspender cautelarmente la aplicaci\u00f3n del art. 7 de la ley provincial 14.836 y su decreto reglamentario 265\/19<\/strong>. Dicho art\u00edculo dispone que el per\u00edodo vigente al momento de la sanci\u00f3n de la ley ser\u00e1 contado como \u201cprimer per\u00edodo\u201d a los efectos de limitar la reelecci\u00f3n.<\/p>\n<p>&nbsp;<\/p>\n<p><img data-recalc-dims=\"1\" loading=\"lazy\" decoding=\"async\" class=\"alignnone size-large wp-image-33278\" src=\"https:\/\/i0.wp.com\/cdnoticias.com\/wp-content\/uploads\/2021\/09\/Kici-con-intendentes-interior-1024x683-1024x683.jpg?resize=800%2C534&#038;ssl=1\" alt=\"\" width=\"800\" height=\"534\" srcset=\"https:\/\/i0.wp.com\/cdnoticias.com\/wp-content\/uploads\/2021\/09\/Kici-con-intendentes-interior-1024x683.jpg?resize=1024%2C683&amp;ssl=1 1024w, https:\/\/i0.wp.com\/cdnoticias.com\/wp-content\/uploads\/2021\/09\/Kici-con-intendentes-interior-1024x683.jpg?resize=300%2C200&amp;ssl=1 300w, https:\/\/i0.wp.com\/cdnoticias.com\/wp-content\/uploads\/2021\/09\/Kici-con-intendentes-interior-1024x683.jpg?resize=768%2C512&amp;ssl=1 768w, https:\/\/i0.wp.com\/cdnoticias.com\/wp-content\/uploads\/2021\/09\/Kici-con-intendentes-interior-1024x683.jpg?resize=272%2C182&amp;ssl=1 272w\" sizes=\"auto, (max-width: 800px) 100vw, 800px\" \/><\/p>\n<p>&nbsp;<\/p>\n<p>El caso <strong>se trata de una acci\u00f3n declarativa<\/strong> iniciada por la <strong>concejal del partido de Malvinas Argentinas, Andrea Carina Pav\u00f3n<\/strong>, contra la provincia de Buenos Aires y la Honorable Junta Electoral provincial, con el fin de hacer cesar el art\u00edculo 7 de la ley 14.846 y su decreto reglamentario. Adem\u00e1s <strong>solicit\u00f3 la declaraci\u00f3n de inconstitucionalidad de ambos, y su suspensi\u00f3n de manera cautelar<\/strong>.<\/p>\n<p>&nbsp;<\/p>\n<blockquote><p>En su demanda, la funcionaria se\u00f1al\u00f3 que se trata de la aplicaci\u00f3n retroactiva de una norma y, por ello, inconstitucional. As\u00ed, su primer per\u00edodo como concejal quedar\u00eda regido por el art. 3\u00ba de la Ley Org\u00e1nica de las Municipalidades, que no limitaba la reelecci\u00f3n. Tambi\u00e9n entendi\u00f3 que la reforma atenta contra la autonom\u00eda municipal, que vulnera t\u00e9rminos electorales anteriores, as\u00ed como el principio de legalidad y el de razonabilidad (arts. 18 y 28 CN), y el derecho a elegir y ser elegido\/a.<\/p><\/blockquote>\n<p>&nbsp;<\/p>\n<p><strong>El magistrado de primera instancia hizo lugar a la medida cautelar solicitada<\/strong>, entendiendo que la verosimilitud del derecho se encuentra configurada ya que \u201csin certeza sobre la vigencia y contenido de la ley (\u2026) no existe seguridad jur\u00eddica (\u2026). <strong>La ley est\u00e1 subordinada a las garant\u00edas constitucionales; y los actos de la autoridad administrativa a la ley<\/strong>. De lo contrario (\u2026) la discrecionalidad y la arbitrariedad sustituir\u00edan a la certidumbre de los derechos y a la estabilidad jur\u00eddica. En otras palabras, desaparecer\u00edan garant\u00edas constitucionales\u201d.<\/p>\n<p>&nbsp;<\/p>\n<p><strong>Otras v\u00edas: licencia, proyecto de ley y derogaci\u00f3n<\/strong><\/p>\n<p>&nbsp;<\/p>\n<p>En tanto,<strong> al menos 17 intendentes actuaron de antemano y ya se tomaron licencia para poder presentarse en 2023<\/strong>, dado que la ley vigente s\u00ed habilita a postularse a los funcionarios que no estuvieron en el cargo durante m\u00e1s de dos a\u00f1os y un d\u00eda. Quienes no se apuraron perdieron el tren: la chance se agot\u00f3 el lunes.<\/p>\n<p>&nbsp;<\/p>\n<p><img data-recalc-dims=\"1\" loading=\"lazy\" decoding=\"async\" class=\"size-full wp-image-40818 aligncenter\" src=\"https:\/\/i0.wp.com\/cdnoticias.com\/wp-content\/uploads\/2021\/12\/DIB-Kicillof-intendentes-696x464.jpg?resize=696%2C464&#038;ssl=1\" alt=\"\" width=\"696\" height=\"464\" srcset=\"https:\/\/i0.wp.com\/cdnoticias.com\/wp-content\/uploads\/2021\/12\/DIB-Kicillof-intendentes-696x464.jpg?resize=696%2C464&amp;ssl=1 696w, https:\/\/i0.wp.com\/cdnoticias.com\/wp-content\/uploads\/2021\/12\/DIB-Kicillof-intendentes-696x464.jpg?resize=300%2C200&amp;ssl=1 300w, https:\/\/i0.wp.com\/cdnoticias.com\/wp-content\/uploads\/2021\/12\/DIB-Kicillof-intendentes-696x464.jpg?resize=272%2C182&amp;ssl=1 272w\" sizes=\"auto, (max-width: 696px) 100vw, 696px\" \/><\/p>\n<p>&nbsp;<\/p>\n<p>Las ganas de recuperar lo perdido van m\u00e1s all\u00e1 del terreno judicial. <strong>El diputado provincial del Frente de Todos Walter Abarca<\/strong> present\u00f3 la semana pasada un proyecto de ley que busca modificar la Ley Org\u00e1nica de las Municipalidades.<\/p>\n<p>&nbsp;<\/p>\n<p>Lo cierto es que <strong>casi 90 de los 135 intendentes de la provincia de Buenos Aires, no podr\u00e1n presentarse como candidatos para ser reelectos en 2023<\/strong>. Adem\u00e1s, la mayor\u00eda de ellos integran Juntos, la alianza entre el PRO y la UCR.<\/p>\n<p>&nbsp;<\/p>\n<p><img data-recalc-dims=\"1\" loading=\"lazy\" decoding=\"async\" class=\"size-full wp-image-33597 aligncenter\" src=\"https:\/\/i0.wp.com\/cdnoticias.com\/wp-content\/uploads\/2021\/09\/Juntos-intendentes-santilli-00.jpg?resize=680%2C378&#038;ssl=1\" alt=\"\" width=\"680\" height=\"378\" srcset=\"https:\/\/i0.wp.com\/cdnoticias.com\/wp-content\/uploads\/2021\/09\/Juntos-intendentes-santilli-00.jpg?w=680&amp;ssl=1 680w, https:\/\/i0.wp.com\/cdnoticias.com\/wp-content\/uploads\/2021\/09\/Juntos-intendentes-santilli-00.jpg?resize=300%2C167&amp;ssl=1 300w\" sizes=\"auto, (max-width: 680px) 100vw, 680px\" \/><\/p>\n<p>&nbsp;<\/p>\n<p><strong>Algunos apuestan directamente a derogar la ley 14.836 que estableci\u00f3 el l\u00edmite de dos mandatos<\/strong> y a la cl\u00e1usula transitoria, la del art\u00edculo 7, que especific\u00f3 que el periodo en curso cuando se aprob\u00f3 la norma contaba como primer mandato. <strong>Otros, menos pretenciosos, van por la derogaci\u00f3n de ese art\u00edculo para que el periodo 2015-2019 no sea computado como primer mandato<\/strong> ya que la ley se aprob\u00f3 en 2016, de modo que podr\u00edan volver a ser candidatos en 2023 aunque tendr\u00eda la limitaci\u00f3n en el 2027. <strong>En este segundo grupo se ubica el olavarriense Ezequiel Galli.<\/strong><\/p>\n<p>&nbsp;<\/p>\n<p>Tanto la derogaci\u00f3n como dar debate legislativo a la modificaci\u00f3n de la ley generan <strong>resistencia entre quienes responden tanto a Sergio Massa como a Mar\u00eda Eugenia Vidal<\/strong>, entre otros.<\/p>\n<p>&nbsp;<\/p>\n<p>Fuente: <em>Agencia DIB<\/em><\/p>\n","protected":false},"excerpt":{"rendered":"<p>Se trata de un amparo presentado por una concejal del partido de Malvinas Argentinas. Sostuvo que la aplicaci\u00f3n \u201cretroactiva\u201d es<\/p>\n","protected":false},"author":4,"featured_media":33276,"comment_status":"closed","ping_status":"closed","sticky":false,"template":"","format":"standard","meta":{"_jetpack_memberships_contains_paid_content":false,"footnotes":""},"categories":[6,1],"tags":[],"class_list":["post-40817","post","type-post","status-publish","format-standard","has-post-thumbnail","hentry","category-nacionales","category-portada"],"jetpack_featured_media_url":"https:\/\/i0.wp.com\/cdnoticias.com\/wp-content\/uploads\/2021\/09\/kicillof-con-intendentes-00.jpg?fit=800%2C445&ssl=1","jetpack_sharing_enabled":true,"_links":{"self":[{"href":"https:\/\/cdnoticias.com\/index.php\/wp-json\/wp\/v2\/posts\/40817","targetHints":{"allow":["GET"]}}],"collection":[{"href":"https:\/\/cdnoticias.com\/index.php\/wp-json\/wp\/v2\/posts"}],"about":[{"href":"https:\/\/cdnoticias.com\/index.php\/wp-json\/wp\/v2\/types\/post"}],"author":[{"embeddable":true,"href":"https:\/\/cdnoticias.com\/index.php\/wp-json\/wp\/v2\/users\/4"}],"replies":[{"embeddable":true,"href":"https:\/\/cdnoticias.com\/index.php\/wp-json\/wp\/v2\/comments?post=40817"}],"version-history":[{"count":0,"href":"https:\/\/cdnoticias.com\/index.php\/wp-json\/wp\/v2\/posts\/40817\/revisions"}],"wp:featuredmedia":[{"embeddable":true,"href":"https:\/\/cdnoticias.com\/index.php\/wp-json\/wp\/v2\/media\/33276"}],"wp:attachment":[{"href":"https:\/\/cdnoticias.com\/index.php\/wp-json\/wp\/v2\/media?parent=40817"}],"wp:term":[{"taxonomy":"category","embeddable":true,"href":"https:\/\/cdnoticias.com\/index.php\/wp-json\/wp\/v2\/categories?post=40817"},{"taxonomy":"post_tag","embeddable":true,"href":"https:\/\/cdnoticias.com\/index.php\/wp-json\/wp\/v2\/tags?post=40817"}],"curies":[{"name":"wp","href":"https:\/\/api.w.org\/{rel}","templated":true}]}}