{"id":40796,"date":"2021-12-07T20:07:40","date_gmt":"2021-12-07T23:07:40","guid":{"rendered":"http:\/\/www.centraldenoticias.com.ar\/?p=40796"},"modified":"2021-12-08T08:22:32","modified_gmt":"2021-12-08T11:22:32","slug":"capturaron-al-segundo-acusado-de-robarle-a-una-mujer-y-apunalar-a-un-joven","status":"publish","type":"post","link":"https:\/\/cdnoticias.com\/index.php\/2021\/12\/07\/capturaron-al-segundo-acusado-de-robarle-a-una-mujer-y-apunalar-a-un-joven\/","title":{"rendered":"Capturaron al segundo acusado de robarle a una mujer y apu\u00f1alar a un joven"},"content":{"rendered":"<p>Fue interceptado por agentes de la comisar\u00eda Primera, en tareas conjuntas con comisar\u00eda Segunda. La acusaci\u00f3n en su contra ser\u00eda por tentativa de homicidio.<!--more--><\/p>\n<hr \/>\n<p>En la tarde de este martes personal de polic\u00eda Bonaerense de nuestra ciudad llev\u00f3 adelante la captura del segundo adolescente acusado de <a href=\"https:\/\/cdnoticias.com\/index.php\/2021\/12\/07\/un-joven-auxilio-a-una-mujer-tras-un-robo-y-fue-apunalado\/\" target=\"_blank\" rel=\"noopener\">arrebatarle la cartera a una mujer y luego apu\u00f1alar a un joven que intent\u00f3 capturarlo<\/a>. La novedad fue ratificada por fuentes de seguridad locales.<\/p>\n<p>&nbsp;<\/p>\n<p>De acuerdo con lo que se logr\u00f3 conocer, la aprehensi\u00f3n fue gracias a<strong> tareas realizadas desde la comisar\u00eda Primera, con la colaboraci\u00f3n de agentes de la comisar\u00eda Segunda<\/strong>. Se ratific\u00f3 que se trata de un adolescente, al igual que el otro sospechoso que fue interceptado momentos despu\u00e9s de los hechos.<\/p>\n<p>&nbsp;<\/p>\n<p>Ambos se encuentran a disposici\u00f3n del Fuero Penal de Responsabilidad Juvenil. Trascendi\u00f3 que <strong>las actuaciones podr\u00edan virar hacia \u201chomicidio en grado de tentativa\u201d<\/strong>, adem\u00e1s del robo de la cartera que sufri\u00f3 la mujer que esperaba el colectivo en el barrio Sarmiento.<\/p>\n<p>&nbsp;<\/p>\n<p>Vale recordar que un joven que intent\u00f3 capturar a los ladrones sufri\u00f3 un puntazo y actualmente permanece <a href=\"https:\/\/cdnoticias.com\/index.php\/2021\/12\/07\/se-encuentra-grave-el-joven-apunalado-al-auxiliar-a-una-mujer-tras-un-robo\/\" target=\"_blank\" rel=\"noopener\">internado en la Unidad de Terapia Intensiva<\/a> del Hospital Municipal Doctor H\u00e9ctor Cura.<\/p>\n<p>&nbsp;<\/p>\n<p>Las alternativas del caso est\u00e1n siendo seguidas de cerca desde diversos sectores, entre ellos la subsecretar\u00eda de Seguridad Municipal, desde donde se detall\u00f3 a este portal que aguardan no solo por la evoluci\u00f3n de la v\u00edctima, sino tambi\u00e9n por novedades en cuanto a la situaci\u00f3n procesal de los acusados. Se detall\u00f3 que<strong> esperan que desde la Justicia se requiera la detenci\u00f3n formal de los sospechosos atento a la gravedad del episodio.<\/strong><\/p>\n","protected":false},"excerpt":{"rendered":"<p>Fue interceptado por agentes de la comisar\u00eda Primera, en tareas conjuntas con comisar\u00eda Segunda. La acusaci\u00f3n en su contra ser\u00eda<\/p>\n","protected":false},"author":3,"featured_media":10443,"comment_status":"closed","ping_status":"closed","sticky":false,"template":"","format":"standard","meta":{"_jetpack_memberships_contains_paid_content":false,"footnotes":""},"categories":[14,1],"tags":[],"class_list":["post-40796","post","type-post","status-publish","format-standard","has-post-thumbnail","hentry","category-policiales","category-portada"],"jetpack_featured_media_url":"https:\/\/i0.wp.com\/cdnoticias.com\/wp-content\/uploads\/2021\/01\/comisaria-primera-2.jpg?fit=4160%2C3120&ssl=1","jetpack_sharing_enabled":true,"_links":{"self":[{"href":"https:\/\/cdnoticias.com\/index.php\/wp-json\/wp\/v2\/posts\/40796","targetHints":{"allow":["GET"]}}],"collection":[{"href":"https:\/\/cdnoticias.com\/index.php\/wp-json\/wp\/v2\/posts"}],"about":[{"href":"https:\/\/cdnoticias.com\/index.php\/wp-json\/wp\/v2\/types\/post"}],"author":[{"embeddable":true,"href":"https:\/\/cdnoticias.com\/index.php\/wp-json\/wp\/v2\/users\/3"}],"replies":[{"embeddable":true,"href":"https:\/\/cdnoticias.com\/index.php\/wp-json\/wp\/v2\/comments?post=40796"}],"version-history":[{"count":0,"href":"https:\/\/cdnoticias.com\/index.php\/wp-json\/wp\/v2\/posts\/40796\/revisions"}],"wp:featuredmedia":[{"embeddable":true,"href":"https:\/\/cdnoticias.com\/index.php\/wp-json\/wp\/v2\/media\/10443"}],"wp:attachment":[{"href":"https:\/\/cdnoticias.com\/index.php\/wp-json\/wp\/v2\/media?parent=40796"}],"wp:term":[{"taxonomy":"category","embeddable":true,"href":"https:\/\/cdnoticias.com\/index.php\/wp-json\/wp\/v2\/categories?post=40796"},{"taxonomy":"post_tag","embeddable":true,"href":"https:\/\/cdnoticias.com\/index.php\/wp-json\/wp\/v2\/tags?post=40796"}],"curies":[{"name":"wp","href":"https:\/\/api.w.org\/{rel}","templated":true}]}}