{"id":40794,"date":"2021-12-07T19:27:31","date_gmt":"2021-12-07T22:27:31","guid":{"rendered":"http:\/\/www.centraldenoticias.com.ar\/?p=40794"},"modified":"2021-12-07T19:27:31","modified_gmt":"2021-12-07T22:27:31","slug":"omar-francisco-arrieta-q-e-p-d","status":"publish","type":"post","link":"https:\/\/cdnoticias.com\/index.php\/2021\/12\/07\/omar-francisco-arrieta-q-e-p-d\/","title":{"rendered":"Omar Francisco Arrieta (Q.E.P.D.)"},"content":{"rendered":"<p>Falleci\u00f3 en Olavarr\u00eda el 7 de diciembre a los 89 a\u00f1os de edad. Sus hijos Elvira Beatriz y Daniel Alberto Arrieta; sus nietos Claudia Alejandra Arrieta, Gisela Bel\u00e9n Arrieta, Daniel Alejandro Arrieta, Dar\u00edo Arrieta, Daniela Arrieta, Fernando Rub\u00e9n Arrieta, Mat\u00edas Moreira y Rodrigo Far\u00edas; su nuera Mabel Far\u00edas; su nieto pol\u00edtico Kevin Fuentes y dem\u00e1s deudos participan de su fallecimiento.<\/p>\n<p>&nbsp;<\/p>\n<p>Sus restos ser\u00e1n velados en Espa\u00f1a 2942 departamento &#8221;B&#8221; a partir de las 07:00 del mi\u00e9rcoles 8 de diciembre y ser\u00e1n inhumados en el cementerio Loma de Paz a las 10:30. Vecino de Villa Vieja. Jubilado de la F\u00e1brica Loma Negra.<\/p>\n","protected":false},"excerpt":{"rendered":"<p>Falleci\u00f3 en Olavarr\u00eda el 7 de diciembre a los 89 a\u00f1os de edad. Sus hijos Elvira Beatriz y Daniel Alberto<\/p>\n","protected":false},"author":5,"featured_media":0,"comment_status":"closed","ping_status":"closed","sticky":false,"template":"","format":"standard","meta":{"_jetpack_memberships_contains_paid_content":false,"footnotes":""},"categories":[10],"tags":[],"class_list":["post-40794","post","type-post","status-publish","format-standard","hentry","category-necrologicas"],"jetpack_featured_media_url":"","jetpack_sharing_enabled":true,"_links":{"self":[{"href":"https:\/\/cdnoticias.com\/index.php\/wp-json\/wp\/v2\/posts\/40794","targetHints":{"allow":["GET"]}}],"collection":[{"href":"https:\/\/cdnoticias.com\/index.php\/wp-json\/wp\/v2\/posts"}],"about":[{"href":"https:\/\/cdnoticias.com\/index.php\/wp-json\/wp\/v2\/types\/post"}],"author":[{"embeddable":true,"href":"https:\/\/cdnoticias.com\/index.php\/wp-json\/wp\/v2\/users\/5"}],"replies":[{"embeddable":true,"href":"https:\/\/cdnoticias.com\/index.php\/wp-json\/wp\/v2\/comments?post=40794"}],"version-history":[{"count":0,"href":"https:\/\/cdnoticias.com\/index.php\/wp-json\/wp\/v2\/posts\/40794\/revisions"}],"wp:attachment":[{"href":"https:\/\/cdnoticias.com\/index.php\/wp-json\/wp\/v2\/media?parent=40794"}],"wp:term":[{"taxonomy":"category","embeddable":true,"href":"https:\/\/cdnoticias.com\/index.php\/wp-json\/wp\/v2\/categories?post=40794"},{"taxonomy":"post_tag","embeddable":true,"href":"https:\/\/cdnoticias.com\/index.php\/wp-json\/wp\/v2\/tags?post=40794"}],"curies":[{"name":"wp","href":"https:\/\/api.w.org\/{rel}","templated":true}]}}