{"id":40772,"date":"2021-12-07T17:35:31","date_gmt":"2021-12-07T20:35:31","guid":{"rendered":"http:\/\/www.centraldenoticias.com.ar\/?p=40772"},"modified":"2021-12-07T17:35:31","modified_gmt":"2021-12-07T20:35:31","slug":"cambios-y-enroques-en-varias-comisarias-de-olavarria-y-el-partido","status":"publish","type":"post","link":"https:\/\/cdnoticias.com\/index.php\/2021\/12\/07\/cambios-y-enroques-en-varias-comisarias-de-olavarria-y-el-partido\/","title":{"rendered":"Cambios y enroques en varias comisar\u00edas de Olavarr\u00eda y el Partido"},"content":{"rendered":"<p>Los movimientos fueron oficializados desde la Estaci\u00f3n de Polic\u00eda Departamental de Olavarr\u00eda.<!--more--><\/p>\n<hr \/>\n<p>En el transcurso de las \u00faltimas horas<strong> numerosos y relevantes movimientos se dieron en varias seccionales policiales del partido de Olavarr\u00eda<\/strong>, seg\u00fan fue dispuesto desde la Estaci\u00f3n de Polic\u00eda Departamental local.<\/p>\n<p>&nbsp;<\/p>\n<p>En la jornada de este martes el Jefe Departamental, el comisario inspector Roberto Landoni, dispuso la puesta en marcha de distintos movimientos en cuanto a titulares de distintas dependencias locales. Se explic\u00f3 que<strong> \u201calgunos corresponden apartarse moment\u00e1neamente de la gesti\u00f3n como titular de dependencia por motivos personales\u201d.<\/strong><\/p>\n<p>&nbsp;<\/p>\n<p><img data-recalc-dims=\"1\" loading=\"lazy\" decoding=\"async\" class=\"alignnone size-full wp-image-40776\" src=\"https:\/\/i0.wp.com\/cdnoticias.com\/wp-content\/uploads\/2021\/12\/Lucas-Rodr%C3%ADguez-Roberto-Lando-Mart%C3%ADn-Cortes.jpg?resize=800%2C445&#038;ssl=1\" alt=\"\" width=\"800\" height=\"445\" srcset=\"https:\/\/i0.wp.com\/cdnoticias.com\/wp-content\/uploads\/2021\/12\/Lucas-Rodr%C3%ADguez-Roberto-Lando-Mart%C3%ADn-Cortes.jpg?w=800&amp;ssl=1 800w, https:\/\/i0.wp.com\/cdnoticias.com\/wp-content\/uploads\/2021\/12\/Lucas-Rodr%C3%ADguez-Roberto-Lando-Mart%C3%ADn-Cortes.jpg?resize=300%2C167&amp;ssl=1 300w, https:\/\/i0.wp.com\/cdnoticias.com\/wp-content\/uploads\/2021\/12\/Lucas-Rodr%C3%ADguez-Roberto-Lando-Mart%C3%ADn-Cortes.jpg?resize=768%2C427&amp;ssl=1 768w\" sizes=\"auto, (max-width: 800px) 100vw, 800px\" \/><\/p>\n<p>&nbsp;<\/p>\n<p>Uno de esos cambios se dio en la <strong>polic\u00eda Local, donde qued\u00f3 como responsable el subcomisario Mart\u00edn Cort\u00e9s<\/strong>, quien hasta la fecha se desempe\u00f1aba como segundo jefe del comisario<strong> Lucas Rodr\u00edguez, quien fue designado como titular de la comisar\u00eda Primera.<\/strong><\/p>\n<p>&nbsp;<\/p>\n<p>El jefe saliente, el subcomisario <strong>Nicol\u00e1s Kette, pasar\u00e1 a cumplir funciones en la Estaci\u00f3n de Polic\u00eda Departamental de Olavarr\u00eda<\/strong>, acompa\u00f1ando la gesti\u00f3n de Roberto Landoni.<\/p>\n<p>&nbsp;<\/p>\n<p><img data-recalc-dims=\"1\" loading=\"lazy\" decoding=\"async\" class=\"alignnone size-full wp-image-40773\" src=\"https:\/\/i0.wp.com\/cdnoticias.com\/wp-content\/uploads\/2021\/12\/Wagner-Landoni-Schneider.jpg?resize=800%2C445&#038;ssl=1\" alt=\"\" width=\"800\" height=\"445\" srcset=\"https:\/\/i0.wp.com\/cdnoticias.com\/wp-content\/uploads\/2021\/12\/Wagner-Landoni-Schneider.jpg?w=800&amp;ssl=1 800w, https:\/\/i0.wp.com\/cdnoticias.com\/wp-content\/uploads\/2021\/12\/Wagner-Landoni-Schneider.jpg?resize=300%2C167&amp;ssl=1 300w, https:\/\/i0.wp.com\/cdnoticias.com\/wp-content\/uploads\/2021\/12\/Wagner-Landoni-Schneider.jpg?resize=768%2C427&amp;ssl=1 768w\" sizes=\"auto, (max-width: 800px) 100vw, 800px\" \/><\/p>\n<p>&nbsp;<\/p>\n<p>Por otra parte, vale dar cuenta que los movimientos tambi\u00e9n alcanzaron a las localidades. Tal es as\u00ed que el oficial inspector <strong>Marcelo Gilez fue designado como nuevo jefe del destacamento policial de Espigas<\/strong>, que hasta la fecha era encabezado por el oficial principal <strong>N\u00e9stor Schneider, quien ahora fue designado como titular de la subcomisar\u00eda de Loma Negra.<\/strong><\/p>\n<p>&nbsp;<\/p>\n<p><strong>Mario Wagner, quien estaba al frente de la seccional de la localidad serrana, pas\u00f3 a cumplir funciones en el Comando de Patrullas<\/strong>. \u201cDesde la Estaci\u00f3n de Polic\u00eda Departamental de Seguridad Olavarr\u00eda, se agradece el grado de compromiso demostrado para con sus funciones de cada titular saliente\u201d, se enfatiz\u00f3 en la comunicaci\u00f3n oficial.<\/p>\n","protected":false},"excerpt":{"rendered":"<p>Los movimientos fueron oficializados desde la Estaci\u00f3n de Polic\u00eda Departamental de Olavarr\u00eda.<\/p>\n","protected":false},"author":3,"featured_media":40775,"comment_status":"closed","ping_status":"closed","sticky":false,"template":"","format":"standard","meta":{"_jetpack_memberships_contains_paid_content":false,"footnotes":""},"categories":[14,1],"tags":[],"class_list":["post-40772","post","type-post","status-publish","format-standard","has-post-thumbnail","hentry","category-policiales","category-portada"],"jetpack_featured_media_url":"https:\/\/i0.wp.com\/cdnoticias.com\/wp-content\/uploads\/2021\/12\/Lucas-Rodr%C3%ADguez-Roberto-Landoni-Nicol%C3%A1s-Kette.jpg?fit=800%2C445&ssl=1","jetpack_sharing_enabled":true,"_links":{"self":[{"href":"https:\/\/cdnoticias.com\/index.php\/wp-json\/wp\/v2\/posts\/40772","targetHints":{"allow":["GET"]}}],"collection":[{"href":"https:\/\/cdnoticias.com\/index.php\/wp-json\/wp\/v2\/posts"}],"about":[{"href":"https:\/\/cdnoticias.com\/index.php\/wp-json\/wp\/v2\/types\/post"}],"author":[{"embeddable":true,"href":"https:\/\/cdnoticias.com\/index.php\/wp-json\/wp\/v2\/users\/3"}],"replies":[{"embeddable":true,"href":"https:\/\/cdnoticias.com\/index.php\/wp-json\/wp\/v2\/comments?post=40772"}],"version-history":[{"count":0,"href":"https:\/\/cdnoticias.com\/index.php\/wp-json\/wp\/v2\/posts\/40772\/revisions"}],"wp:featuredmedia":[{"embeddable":true,"href":"https:\/\/cdnoticias.com\/index.php\/wp-json\/wp\/v2\/media\/40775"}],"wp:attachment":[{"href":"https:\/\/cdnoticias.com\/index.php\/wp-json\/wp\/v2\/media?parent=40772"}],"wp:term":[{"taxonomy":"category","embeddable":true,"href":"https:\/\/cdnoticias.com\/index.php\/wp-json\/wp\/v2\/categories?post=40772"},{"taxonomy":"post_tag","embeddable":true,"href":"https:\/\/cdnoticias.com\/index.php\/wp-json\/wp\/v2\/tags?post=40772"}],"curies":[{"name":"wp","href":"https:\/\/api.w.org\/{rel}","templated":true}]}}