{"id":40761,"date":"2021-12-08T16:10:32","date_gmt":"2021-12-08T19:10:32","guid":{"rendered":"http:\/\/www.centraldenoticias.com.ar\/?p=40761"},"modified":"2021-12-08T16:10:32","modified_gmt":"2021-12-08T19:10:32","slug":"con-la-mirada-puesta-en-el-servicio-electrico-coopelectric-se-reunio-con-la-sociedad-rural","status":"publish","type":"post","link":"https:\/\/cdnoticias.com\/index.php\/2021\/12\/08\/con-la-mirada-puesta-en-el-servicio-electrico-coopelectric-se-reunio-con-la-sociedad-rural\/","title":{"rendered":"Con la mirada puesta en el servicio el\u00e9ctrico, Coopelectric se reuni\u00f3 con la Sociedad Rural"},"content":{"rendered":"<p>La intenci\u00f3n es trabajar sobre las demandas de los productores que reciben el servicio en la zona rural.<!--more--><\/p>\n<hr \/>\n<p>El encuentro tuvo lugar en el predio de la Sociedad Rural de Olavarr\u00eda y cont\u00f3 con la participaci\u00f3n del presidente del Consejo de Administraci\u00f3n de Coopelectric Cruz Arouxet, el secretario del Consejo Alberto Miotti, el presidente del Cuerpo de Delegados de Coopelectric Ignacio Pagano Couto, el gerente de Operaciones y Calidad de Servicio Jorge Vornetti, el subgerente de Asistencia T\u00e9cnica Daniel Pini.<\/p>\n<p>&nbsp;<\/p>\n<p>Adem\u00e1s, participaron el presidente de la Sociedad Rural Lisandro Falabella, el presidente en uso de licencia Sebasti\u00e1n Matrella, el gerente de la SRO Alberto Zulaica y dem\u00e1s integrantes de la Comisi\u00f3n Directiva.<\/p>\n<p>&nbsp;<\/p>\n<p>La reuni\u00f3n tuvo como principal objetivo establecer contacto entre las nuevas autoridades para trabajar de forma mancomunada en la <strong>atenci\u00f3n de las demandas de los productores que reciben el servicio de energ\u00eda el\u00e9ctrica.<\/strong><\/p>\n<p>&nbsp;<\/p>\n<blockquote><p>Desde Coopelectric se brind\u00f3 informaci\u00f3n sobre la situaci\u00f3n del Servicio en la zona rural y sobre aspectos tarifarios, se respondieron las consultas e inquietudes planteadas y se intercambiaron opiniones.<\/p><\/blockquote>\n<p>&nbsp;<\/p>\n<p>Entre los temas abordados se destac\u00f3 el avance del <strong>Programa de Mantenimiento de los Sistemas Rurales<\/strong> que fue presentado ante la SRO en el mes de mayo. En tal sentido, el subgerente de Asistencia T\u00e9cnica Ing. Daniel Pini se refiri\u00f3 a las tareas planificadas que ya se llevaron a cabo y a las que se ir\u00e1n concretando durante el transcurso del pr\u00f3ximo a\u00f1o, dado que el tiempo previsto para la ejecuci\u00f3n del Programa fue de 18 meses.<\/p>\n<p>&nbsp;<\/p>\n<p>Por otro lado, ante las consultas recibidas por los integrantes de la SRO, el gerente de Operaciones y Calidad de Servicio Ing. Jorge Vornetti detall\u00f3 los beneficios que ofrecen los <strong>medidores telemedidos<\/strong> para aportar informaci\u00f3n sobre el estado del servicio de forma inmediata. En ese sentido, se acord\u00f3 la elaboraci\u00f3n de un <strong>Proyecto T\u00e9cnico<\/strong> con el presupuesto correspondiente a fin de evaluar su factibilidad en el \u00e1rea rural.<\/p>\n<p>&nbsp;<\/p>\n<p>Finalmente, desde ambas entidades se subray\u00f3 el compromiso de continuar fortaleciendo el v\u00ednculo institucional y trabajar de forma conjunta en <strong>temas que se fijar\u00e1n de com\u00fan acuerdo<\/strong> para el a\u00f1o pr\u00f3ximo.<\/p>\n<p>&nbsp;<\/p>\n","protected":false},"excerpt":{"rendered":"<p>La intenci\u00f3n es trabajar sobre las demandas de los productores que reciben el servicio en la zona rural.<\/p>\n","protected":false},"author":5,"featured_media":39704,"comment_status":"closed","ping_status":"closed","sticky":false,"template":"","format":"standard","meta":{"_jetpack_memberships_contains_paid_content":false,"footnotes":""},"categories":[5,1],"tags":[],"class_list":["post-40761","post","type-post","status-publish","format-standard","has-post-thumbnail","hentry","category-informacion-general","category-portada"],"jetpack_featured_media_url":"https:\/\/i0.wp.com\/cdnoticias.com\/wp-content\/uploads\/2021\/11\/coopelectric-0.jpg?fit=1000%2C556&ssl=1","jetpack_sharing_enabled":true,"_links":{"self":[{"href":"https:\/\/cdnoticias.com\/index.php\/wp-json\/wp\/v2\/posts\/40761","targetHints":{"allow":["GET"]}}],"collection":[{"href":"https:\/\/cdnoticias.com\/index.php\/wp-json\/wp\/v2\/posts"}],"about":[{"href":"https:\/\/cdnoticias.com\/index.php\/wp-json\/wp\/v2\/types\/post"}],"author":[{"embeddable":true,"href":"https:\/\/cdnoticias.com\/index.php\/wp-json\/wp\/v2\/users\/5"}],"replies":[{"embeddable":true,"href":"https:\/\/cdnoticias.com\/index.php\/wp-json\/wp\/v2\/comments?post=40761"}],"version-history":[{"count":0,"href":"https:\/\/cdnoticias.com\/index.php\/wp-json\/wp\/v2\/posts\/40761\/revisions"}],"wp:featuredmedia":[{"embeddable":true,"href":"https:\/\/cdnoticias.com\/index.php\/wp-json\/wp\/v2\/media\/39704"}],"wp:attachment":[{"href":"https:\/\/cdnoticias.com\/index.php\/wp-json\/wp\/v2\/media?parent=40761"}],"wp:term":[{"taxonomy":"category","embeddable":true,"href":"https:\/\/cdnoticias.com\/index.php\/wp-json\/wp\/v2\/categories?post=40761"},{"taxonomy":"post_tag","embeddable":true,"href":"https:\/\/cdnoticias.com\/index.php\/wp-json\/wp\/v2\/tags?post=40761"}],"curies":[{"name":"wp","href":"https:\/\/api.w.org\/{rel}","templated":true}]}}