{"id":40759,"date":"2021-12-07T17:14:36","date_gmt":"2021-12-07T20:14:36","guid":{"rendered":"http:\/\/www.centraldenoticias.com.ar\/?p=40759"},"modified":"2021-12-12T03:06:37","modified_gmt":"2021-12-12T06:06:37","slug":"fondo-reactivo-cultural-se-conocieron-los-proyectos-culturales-que-recibiran-acompanamiento","status":"publish","type":"post","link":"https:\/\/cdnoticias.com\/index.php\/2021\/12\/07\/fondo-reactivo-cultural-se-conocieron-los-proyectos-culturales-que-recibiran-acompanamiento\/","title":{"rendered":"Fondo Reactivo Cultural: se conocieron los proyectos culturales que recibir\u00e1n acompa\u00f1amiento"},"content":{"rendered":"<p>Las propuestas aprobadas recibir\u00e1n un apoyo econ\u00f3mico de $30.000.<!--more--><\/p>\n<hr \/>\n<p>&nbsp;<\/p>\n<p>Este martes, se dio a conocer el <strong>resultado de la convocatoria del\u00a0Fondo Reactivo Cultural propuesto por UNICEN y la Municipalidad de Olavarr\u00eda,<\/strong> <strong>destinado a apoyar econ\u00f3micamente a proyectos art\u00edsticos independientes<\/strong> con el fin de acompa\u00f1ar a las\/os trabajadoras\/es de la cultura de nuestra ciudad. En tal sentido, las <strong>propuestas aprobadas recibir\u00e1n un apoyo econ\u00f3mico extraordinario que consta de un pago \u00fanico de $30.000.<\/strong><\/p>\n<p>&nbsp;<\/p>\n<p>Se<strong> presentaron los 29 proyectos que ingresaron a la convocatoria de los cuales 10 pod\u00edan obtener el recurso econ\u00f3mico<\/strong>. Se pusieron a consideraci\u00f3n las evaluaciones previas realizadas por los jurados en funci\u00f3n a los criterios de evaluaci\u00f3n: impacto en el arte o la cultura y la comunidad de Olavarr\u00eda, trayectoria art\u00edstica del proyecto, el grupo o sus integrantes, viabilidad del proyecto y su sustentabilidad y alianzas que fortalecen las propuestas. Se determin\u00f3 el<strong> siguiente orden de m\u00e9rito de proyectos\/referentes:<\/strong><\/p>\n<p>&nbsp;<\/p>\n<ol>\n<li>\u201c<strong>La Familia Berm\u00fadez\u201d<\/strong> (Viviana Godoy)<\/li>\n<li>\u201c<strong>Big Band Regional\u201d<\/strong> (Ingrid Feniger)<\/li>\n<li><strong>\u201cCalmar Zen\u201d<\/strong> (Gabriel E. Zangara)<\/li>\n<li><strong>\u201cYing-Yang\u201d<\/strong> (Valent\u00edn Reiners)<\/li>\n<li><strong>\u201cCanciones perras para aullar\u201d<\/strong> (Flavia Salto)<\/li>\n<li><strong>\u201cVertebral\u201d<\/strong> (Tocino Mar\u00eda Bel\u00e9n)<\/li>\n<li>\u201c<strong>Volver a la Tierra<\/strong>\u201d (Florencia Ciocchini)<\/li>\n<li><strong>\u201cGalaxias Nuevas<\/strong>\u201d (Bruno Fitte)<\/li>\n<li>\u201c<strong>Espect\u00e1culo de Magia\u201d<\/strong> (Francisco Moris)<\/li>\n<li>\u201c<strong>Termofusi\u00f3n\u201d<\/strong> (Daiana Sasia)<\/li>\n<\/ol>\n<p>&nbsp;<\/p>\n<p><strong>Tambi\u00e9n fueron evaluados los siguientes proyectos\/referentes:\u00a0<\/strong> \u201cCaster Rock\u201d (D. Dicharri), \u201cEl gran Mago\u201d (E Moris); \u201cMart\u00edn Hache\u201d (M. Hoffer); \u201c\u00c1ngel o Demonio\u201d (Gogorza, Chirino, Pereiro); \u201cArte Impreso y Bordado\u201d ( R. Farana); \u201cEquipaje\u201d (F. Segovia); \u201cLas Lonjas Candombe\u201d (C. Humberto); \u201cPropuesta art\u00edstico-cultural\u201d (M. Alicata); \u201cFracci\u00f3n de Memoria\u201d (M. Giacomino); \u201cTeatro\u201d (J. Ar\u00e9valo); \u201cShow Flamenco\u201d ( N. P\u00e9rez); \u201cPacha Contenidos\u201d (G. Schenck); \u201cProyecto Ecol\u00f3gico\u201d (M. P\u00e9rez); \u201cEl espejo de Narciso\u201d (E. Zouza); C. Gim\u00e9nez; \u201cPuesta en Valor Pasaje Carlos Gardel\u201d (M. D\u00edaz);\u00a0\u00a0 M. Horn; J. Wally y \u201cKado\u201d (Z. Vejling).<\/p>\n<p>&nbsp;<\/p>\n<p>El <strong>jurado se conform\u00f3 con integrantes de la universidad y municipalidad que colaboraron con las evaluaciones<\/strong>. Por<strong> Municipalidad de Olavarr\u00eda<\/strong>: Federico S\u00e1nchez, Beatriz Cunioli, Diego Pardo, H\u00e9ctor Kriger, Nora Soll\u00e9; por <strong>UNICEN<\/strong>: Juan Loza,\u00a0 Maite Laborde, Anabella Galvano, Silvia Far\u00ed\u00f1a, Lucrecia Ochoa. Tambi\u00e9n fueron invitados Natalia Carden (UNICEN) y Jano Chasman (Municipalidad) pero no participaron de la evaluaci\u00f3n debido a que <strong>la categor\u00eda \u201cArtesan\u00edas en todas sus expresiones\u201d qued\u00f3 desierta por falta de presentaci\u00f3n de\u00a0 propuestas.<\/strong><\/p>\n<p>&nbsp;<\/p>\n<p>El<strong> Fondo Reactivo Cultural fue organizado por la Municipalidad de Olavarr\u00eda,<\/strong> a trav\u00e9s de la <strong>Subsecretar\u00eda de Cultura, Centro Cultural \u201cSan Jos\u00e9<\/strong>\u201d y el <strong>Programa EMERGER<\/strong> de la Universidad Nacional del Centro de la provincia de Buenos Aires (<strong>UNICEN<\/strong>), coordinado por el <strong>\u00c1rea Cultura<\/strong>, en el caso de <strong>Olavarr\u00eda<\/strong> a trav\u00e9s de la<strong> Facultad de Ciencias Sociales y del Centro Cultural Universitario UNICEN.<\/strong><\/p>\n<p>&nbsp;<\/p>\n<p><strong>Los proyectos, se presentaron entre el 15 de octubre y 12 noviembre<\/strong> del corriente a\u00f1o, y se enmarcaron en las <strong>siguientes disciplinas<\/strong>: artes esc\u00e9nicas, artes audiovisuales y multimediales, artes sonoras, literatura, artes visuales o interdisciplinarios.<\/p>\n<p>&nbsp;<\/p>\n<p>&nbsp;<\/p>\n","protected":false},"excerpt":{"rendered":"<p>Las propuestas aprobadas recibir\u00e1n un apoyo econ\u00f3mico de $30.000.<\/p>\n","protected":false},"author":6,"featured_media":40760,"comment_status":"closed","ping_status":"closed","sticky":false,"template":"","format":"standard","meta":{"_jetpack_memberships_contains_paid_content":false,"footnotes":""},"categories":[9,1],"tags":[],"class_list":["post-40759","post","type-post","status-publish","format-standard","has-post-thumbnail","hentry","category-cultura","category-portada"],"jetpack_featured_media_url":"https:\/\/i0.wp.com\/cdnoticias.com\/wp-content\/uploads\/2021\/12\/Cultura-Convenio-Facultad-2-1024x685.jpg?fit=1024%2C685&ssl=1","jetpack_sharing_enabled":true,"_links":{"self":[{"href":"https:\/\/cdnoticias.com\/index.php\/wp-json\/wp\/v2\/posts\/40759","targetHints":{"allow":["GET"]}}],"collection":[{"href":"https:\/\/cdnoticias.com\/index.php\/wp-json\/wp\/v2\/posts"}],"about":[{"href":"https:\/\/cdnoticias.com\/index.php\/wp-json\/wp\/v2\/types\/post"}],"author":[{"embeddable":true,"href":"https:\/\/cdnoticias.com\/index.php\/wp-json\/wp\/v2\/users\/6"}],"replies":[{"embeddable":true,"href":"https:\/\/cdnoticias.com\/index.php\/wp-json\/wp\/v2\/comments?post=40759"}],"version-history":[{"count":0,"href":"https:\/\/cdnoticias.com\/index.php\/wp-json\/wp\/v2\/posts\/40759\/revisions"}],"wp:featuredmedia":[{"embeddable":true,"href":"https:\/\/cdnoticias.com\/index.php\/wp-json\/wp\/v2\/media\/40760"}],"wp:attachment":[{"href":"https:\/\/cdnoticias.com\/index.php\/wp-json\/wp\/v2\/media?parent=40759"}],"wp:term":[{"taxonomy":"category","embeddable":true,"href":"https:\/\/cdnoticias.com\/index.php\/wp-json\/wp\/v2\/categories?post=40759"},{"taxonomy":"post_tag","embeddable":true,"href":"https:\/\/cdnoticias.com\/index.php\/wp-json\/wp\/v2\/tags?post=40759"}],"curies":[{"name":"wp","href":"https:\/\/api.w.org\/{rel}","templated":true}]}}