{"id":40757,"date":"2021-12-07T15:12:41","date_gmt":"2021-12-07T18:12:41","guid":{"rendered":"http:\/\/www.centraldenoticias.com.ar\/?p=40757"},"modified":"2021-12-07T20:28:08","modified_gmt":"2021-12-07T23:28:08","slug":"un-joven-auxilio-a-una-mujer-tras-un-robo-y-fue-apunalado","status":"publish","type":"post","link":"https:\/\/cdnoticias.com\/index.php\/2021\/12\/07\/un-joven-auxilio-a-una-mujer-tras-un-robo-y-fue-apunalado\/","title":{"rendered":"Un joven auxili\u00f3 a una mujer tras un robo y fue apu\u00f1alado"},"content":{"rendered":"<p>Tiene 27 a\u00f1os y se encuentra internado en el Hospital Municipal Doctor H\u00e9ctor Cura. Sucedi\u00f3 en horas del mediod\u00eda en el barrio Sarmiento.<!--more--><\/p>\n<hr \/>\n<p>Poco despu\u00e9s del mediod\u00eda de este martes un violento episodio tuvo como escenario el barrio Sarmiento, donde una mujer fue atacada por dos adolescentes que le arrebataron la cartera. El episodio fue visto por<strong> un joven de 27 a\u00f1os, quien quiso auxiliar a la v\u00edctima y retener a los delincuentes, pero fue herido de un puntazo.<\/strong><\/p>\n<p>&nbsp;<\/p>\n<p>De acuerdo con lo que logr\u00f3 conocer<em><strong> Central de Noticias<\/strong><\/em>, sucedi\u00f3 sobre <strong>Jun\u00edn en las cercan\u00edas del cruce con Sarmiento, donde una mujer aguardaba por el arribo del colectivo<\/strong>. En ese momento dos desconocidos\u00a0<strong>la abordaron y le arrebataron la cartera.<\/strong><\/p>\n<p>&nbsp;<\/p>\n<p>El episodio fue visto por ocasionales testigos, quienes fueron de inmediato en su auxilio y llegaron a forcejear con los delincuentes. En ese marco un joven de 27 a\u00f1os fue alcanzado por una agresi\u00f3n con arma blanca, siendo<strong> trasladado de urgencia al Hospital Municipal en un veh\u00edculo particular<\/strong>. El puntazo le habr\u00eda generado una lesi\u00f3n en la zona hep\u00e1tica, por lo que no se descartaba su ingres\u00f3 a la Unidad de Terapia Intensiva.<\/p>\n<p>&nbsp;<\/p>\n<p>Trascendi\u00f3 que <strong>uno de los delincuentes, un adolescente menor de 18 a\u00f1os, pudo ser reducido gracias a la intervenci\u00f3n de los vecinos y el r\u00e1pido arribo de personal del Comando de Patrullas<\/strong>. Por estas horas persisten las labores para lograr dar con el segundo agresor.<\/p>\n","protected":false},"excerpt":{"rendered":"<p>Tiene 27 a\u00f1os y se encuentra internado en el Hospital Municipal Doctor H\u00e9ctor Cura. Sucedi\u00f3 en horas del mediod\u00eda en<\/p>\n","protected":false},"author":3,"featured_media":1549,"comment_status":"closed","ping_status":"closed","sticky":false,"template":"","format":"standard","meta":{"_jetpack_memberships_contains_paid_content":false,"footnotes":""},"categories":[14,1],"tags":[],"class_list":["post-40757","post","type-post","status-publish","format-standard","has-post-thumbnail","hentry","category-policiales","category-portada"],"jetpack_featured_media_url":"https:\/\/i0.wp.com\/cdnoticias.com\/wp-content\/uploads\/2020\/09\/HospitalMunicipal04.jpg?fit=4608%2C3072&ssl=1","jetpack_sharing_enabled":true,"_links":{"self":[{"href":"https:\/\/cdnoticias.com\/index.php\/wp-json\/wp\/v2\/posts\/40757","targetHints":{"allow":["GET"]}}],"collection":[{"href":"https:\/\/cdnoticias.com\/index.php\/wp-json\/wp\/v2\/posts"}],"about":[{"href":"https:\/\/cdnoticias.com\/index.php\/wp-json\/wp\/v2\/types\/post"}],"author":[{"embeddable":true,"href":"https:\/\/cdnoticias.com\/index.php\/wp-json\/wp\/v2\/users\/3"}],"replies":[{"embeddable":true,"href":"https:\/\/cdnoticias.com\/index.php\/wp-json\/wp\/v2\/comments?post=40757"}],"version-history":[{"count":0,"href":"https:\/\/cdnoticias.com\/index.php\/wp-json\/wp\/v2\/posts\/40757\/revisions"}],"wp:featuredmedia":[{"embeddable":true,"href":"https:\/\/cdnoticias.com\/index.php\/wp-json\/wp\/v2\/media\/1549"}],"wp:attachment":[{"href":"https:\/\/cdnoticias.com\/index.php\/wp-json\/wp\/v2\/media?parent=40757"}],"wp:term":[{"taxonomy":"category","embeddable":true,"href":"https:\/\/cdnoticias.com\/index.php\/wp-json\/wp\/v2\/categories?post=40757"},{"taxonomy":"post_tag","embeddable":true,"href":"https:\/\/cdnoticias.com\/index.php\/wp-json\/wp\/v2\/tags?post=40757"}],"curies":[{"name":"wp","href":"https:\/\/api.w.org\/{rel}","templated":true}]}}